{"id":15304,"date":"2017-12-26T12:00:20","date_gmt":"2017-12-26T10:00:20","guid":{"rendered":"https:\/\/www.gardenstore.es\/gardenstore-at-the-fsb-international-trade-fair-in-cologne\/"},"modified":"2025-10-24T10:16:00","modified_gmt":"2025-10-24T08:16:00","slug":"gardenstore-at-the-fsb-international-trade-fair-in-cologne","status":"publish","type":"post","link":"https:\/\/www.gardenstore.es\/en\/gardenstore-at-the-fsb-international-trade-fair-in-cologne\/","title":{"rendered":"Gardenstore at the FSB International Trade Fair in Cologne"},"content":{"rendered":"<p><span style=\"font-weight: 400;\">Last November, the leading international trade fair in the sector was held in Cologne, Germany, the <\/span><a href=\"http:\/\/www.fsb-cologne.com\/fsb\/index-2.php\"><b>FSB &#8211;<\/b> <b>International Trade Fair For Amenity Areas, Sports and Spool Facilities<\/b><\/a><b>,<\/b><span style=\"font-weight: 400;\"> where new trends come to life, momentum is generated for the industry, new products and ideas are presented to a large commercial audience, and the most important business and commercial contacts of the year are made<\/span> <span style=\"font-weight: 400;\">in the home comfort sector<\/span> <span style=\"font-weight: 400;\">.<\/span><\/p>\n<p><span style=\"font-weight: 400;\">As expected, <\/span><b>Gardenstore <\/b><span style=\"font-weight: 400;\">was there to catch up on the <\/span><b>latest developments and trends in artificial turf<\/b><span style=\"font-weight: 400;\">. Our visit to FSB, as in previous editions, was very useful, although there is never enough time to see everything that manufacturers and brands exhibit in detail.<\/span><\/p>\n<p><span style=\"font-weight: 400;\">This year, some European brands such as<\/span><b> Avalon<\/b><span style=\"font-weight: 400;\"> or<\/span><b> Royalgrass<\/b><span style=\"font-weight: 400;\"> were missed, and we discovered other new ones, both European and Chinese, which are so emerging. As usual, all the brands exhibit their new artificial turf models, which are always innovating to achieve an appearance similar to natural grass and with new techniques, achieving what the consumer wants, <\/span><b>comfort, softness, and at the same time, the recovery of the fibers when stepped on<\/b><span style=\"font-weight: 400;\">.<\/span><\/p>\n<p><b>Asia vs. Europe Competition<\/b><\/p>\n<p><span style=\"font-weight: 400;\">It should be noted that we have noticed that <\/span><b>European manufacturing prices have been decreasing <\/b><span style=\"font-weight: 400;\">in brands such as Mondo, Turfgrass, or Condor in order to compete with the prices of Chinese manufacturers. Although they are Chinese factories, there are some very important ones that are improving quality and also price, but they still have a way to go to reach the European level. Right now, there is not much difference between the highest-end products of Chinese origin and the average of European products in terms of prices.<\/span><\/p>\n<p><span style=\"font-weight: 400;\">Another detail to highlight is that previously the manufacture of European yarn was almost a monopoly with brands such as <\/span><b>Tencate, Bonar<\/b> <b> <\/b><span style=\"font-weight: 400;\">and now new factories are emerging that should be taken into account with very high-quality yarn. At the fair, we also <\/span><span style=\"font-weight: 400;\">tested different types of sports turf for <\/span><a href=\"https:\/\/www.gardenstore.es\/campos-de-futbol-2-2\/\"><span style=\"font-weight: 400;\">football<\/span><\/a><span style=\"font-weight: 400;\">, <\/span><a href=\"https:\/\/www.gardenstore.es\/pistas-de-padel\/\"><span style=\"font-weight: 400;\">paddle tennis<\/span><\/a><span style=\"font-weight: 400;\"> and golf, which we will be adding to our catalog<\/span><span style=\"font-weight: 400;\">, in addition to all its accessories such as goals, stands, lighting, scoreboards, etc&#8230;and where we discovered a new sports game, such as <\/span><a href=\"http:\/\/www.hexagol.com\/\"><span style=\"font-weight: 400;\">Hexagol<\/span><\/a><span style=\"font-weight: 400;\">. <\/span> <\/p>\n<p><span style=\"font-weight: 400;\">In short, the visit was very profitable,<\/span><span style=\"font-weight: 400;\"> as we made new professional contacts, from which you will soon have news, and we saw colleagues from the sector again with whom we shared very good moments and exchanged opinions. That is why you know that counting on <\/span><b>Gardenstore,<\/b><span style=\"font-weight: 400;\"> is security of being up to date and that you are in very good hands. <\/span><a href=\"https:\/\/www.gardenstore.es\/pidanos-presupuesto\/\"><span style=\"font-weight: 400;\">Do not hesitate to contact us with any questions.<\/span><\/a><\/p>\n","protected":false},"excerpt":{"rendered":"<p>Last November, the leading international trade fair in the sector was held in Cologne, Germany, the FSB &#8211; International Trade Fair For Amenity Areas, Sports and Spool Facilities, where new trends come to life, momentum is generated for the industry, new products and ideas are presented to a large commercial audience, and the most important &#8230; <a title=\"Gardenstore at the FSB International Trade Fair in Cologne\" class=\"read-more\" href=\"https:\/\/www.gardenstore.es\/en\/gardenstore-at-the-fsb-international-trade-fair-in-cologne\/\" aria-label=\"Read more about Gardenstore at the FSB International Trade Fair in Cologne\">Read more<\/a><\/p>\n","protected":false},"author":6,"featured_media":15305,"comment_status":"closed","ping_status":"closed","sticky":false,"template":"","format":"standard","meta":{"_acf_changed":false,"footnotes":""},"categories":[412,416,28],"tags":[402,463,465,394,464],"class_list":["post-15304","post","type-post","status-publish","format-standard","has-post-thumbnail","hentry","category-about","category-news","category-uncategorized","tag-artificial-turf","tag-cologne","tag-fsb","tag-gardenstore","tag-international-fair"],"acf":[],"yoast_head":"<!-- This site is optimized with the Yoast SEO plugin v27.5 - https:\/\/yoast.com\/product\/yoast-seo-wordpress\/ -->\n<title>Gardenstore at the FSB International Trade Fair in Cologne<\/title>\n<meta name=\"description\" content=\"GardenStore attends FSB 2017, the international trade fair specializing in comfort areas, outdoor activities, and sports accessories, held every two years in Cologne.\" \/>\n<meta name=\"robots\" content=\"index, follow, max-snippet:-1, max-image-preview:large, max-video-preview:-1\" \/>\n<link rel=\"canonical\" href=\"https:\/\/www.gardenstore.es\/en\/gardenstore-at-the-fsb-international-trade-fair-in-cologne\/\" \/>\n<meta property=\"og:locale\" content=\"en_US\" \/>\n<meta property=\"og:type\" content=\"article\" \/>\n<meta property=\"og:title\" content=\"Gardenstore at the FSB international artificial turf trade fair\" \/>\n<meta property=\"og:description\" content=\"Once again, Gardenstore attended the FSB 2017 international artificial turf trade fair, the international trade fair specializing in comfort areas, outdoor activities, and sports accessories, held every two years in Cologne.\" \/>\n<meta property=\"og:url\" content=\"https:\/\/www.gardenstore.es\/en\/gardenstore-at-the-fsb-international-trade-fair-in-cologne\/\" \/>\n<meta property=\"og:site_name\" content=\"GardenStore\" \/>\n<meta property=\"article:published_time\" content=\"2017-12-26T10:00:20+00:00\" \/>\n<meta property=\"article:modified_time\" content=\"2025-10-24T08:16:00+00:00\" \/>\n<meta property=\"og:image\" content=\"https:\/\/www.gardenstore.es\/wp-content\/uploads\/2018\/02\/articulo_fb.jpg\" \/>\n<meta name=\"author\" content=\"GardenStore\" \/>\n<meta name=\"twitter:card\" content=\"summary_large_image\" \/>\n<meta name=\"twitter:label1\" content=\"Written by\" \/>\n\t<meta name=\"twitter:data1\" content=\"GardenStore\" \/>\n\t<meta name=\"twitter:label2\" content=\"Est. reading time\" \/>\n\t<meta name=\"twitter:data2\" content=\"2 minutes\" \/>\n<script type=\"application\/ld+json\" class=\"yoast-schema-graph\">{\"@context\":\"https:\\\/\\\/schema.org\",\"@graph\":[{\"@type\":\"Article\",\"@id\":\"https:\\\/\\\/www.gardenstore.es\\\/en\\\/gardenstore-at-the-fsb-international-trade-fair-in-cologne\\\/#article\",\"isPartOf\":{\"@id\":\"https:\\\/\\\/www.gardenstore.es\\\/en\\\/gardenstore-at-the-fsb-international-trade-fair-in-cologne\\\/\"},\"author\":{\"name\":\"GardenStore\",\"@id\":\"https:\\\/\\\/www.gardenstore.es\\\/en\\\/#\\\/schema\\\/person\\\/9031960d456b171629a45e2dad4581cd\"},\"headline\":\"Gardenstore at the FSB International Trade Fair in Cologne\",\"datePublished\":\"2017-12-26T10:00:20+00:00\",\"dateModified\":\"2025-10-24T08:16:00+00:00\",\"mainEntityOfPage\":{\"@id\":\"https:\\\/\\\/www.gardenstore.es\\\/en\\\/gardenstore-at-the-fsb-international-trade-fair-in-cologne\\\/\"},\"wordCount\":445,\"publisher\":{\"@id\":\"https:\\\/\\\/www.gardenstore.es\\\/en\\\/#organization\"},\"image\":{\"@id\":\"https:\\\/\\\/www.gardenstore.es\\\/en\\\/gardenstore-at-the-fsb-international-trade-fair-in-cologne\\\/#primaryimage\"},\"thumbnailUrl\":\"https:\\\/\\\/www.gardenstore.es\\\/wp-content\\\/uploads\\\/2018\\\/02\\\/articulo.jpg\",\"keywords\":[\"Artificial turf\",\"Cologne\",\"fsb\",\"Gardenstore\",\"international fair\"],\"articleSection\":[\"About Us\",\"News\"],\"inLanguage\":\"en-US\"},{\"@type\":\"WebPage\",\"@id\":\"https:\\\/\\\/www.gardenstore.es\\\/en\\\/gardenstore-at-the-fsb-international-trade-fair-in-cologne\\\/\",\"url\":\"https:\\\/\\\/www.gardenstore.es\\\/en\\\/gardenstore-at-the-fsb-international-trade-fair-in-cologne\\\/\",\"name\":\"Gardenstore at the FSB International Trade Fair in Cologne\",\"isPartOf\":{\"@id\":\"https:\\\/\\\/www.gardenstore.es\\\/en\\\/#website\"},\"primaryImageOfPage\":{\"@id\":\"https:\\\/\\\/www.gardenstore.es\\\/en\\\/gardenstore-at-the-fsb-international-trade-fair-in-cologne\\\/#primaryimage\"},\"image\":{\"@id\":\"https:\\\/\\\/www.gardenstore.es\\\/en\\\/gardenstore-at-the-fsb-international-trade-fair-in-cologne\\\/#primaryimage\"},\"thumbnailUrl\":\"https:\\\/\\\/www.gardenstore.es\\\/wp-content\\\/uploads\\\/2018\\\/02\\\/articulo.jpg\",\"datePublished\":\"2017-12-26T10:00:20+00:00\",\"dateModified\":\"2025-10-24T08:16:00+00:00\",\"description\":\"GardenStore attends FSB 2017, the international trade fair specializing in comfort areas, outdoor activities, and sports accessories, held every two years in Cologne.\",\"breadcrumb\":{\"@id\":\"https:\\\/\\\/www.gardenstore.es\\\/en\\\/gardenstore-at-the-fsb-international-trade-fair-in-cologne\\\/#breadcrumb\"},\"inLanguage\":\"en-US\",\"potentialAction\":[{\"@type\":\"ReadAction\",\"target\":[\"https:\\\/\\\/www.gardenstore.es\\\/en\\\/gardenstore-at-the-fsb-international-trade-fair-in-cologne\\\/\"]}]},{\"@type\":\"ImageObject\",\"inLanguage\":\"en-US\",\"@id\":\"https:\\\/\\\/www.gardenstore.es\\\/en\\\/gardenstore-at-the-fsb-international-trade-fair-in-cologne\\\/#primaryimage\",\"url\":\"https:\\\/\\\/www.gardenstore.es\\\/wp-content\\\/uploads\\\/2018\\\/02\\\/articulo.jpg\",\"contentUrl\":\"https:\\\/\\\/www.gardenstore.es\\\/wp-content\\\/uploads\\\/2018\\\/02\\\/articulo.jpg\",\"width\":1200,\"height\":800},{\"@type\":\"BreadcrumbList\",\"@id\":\"https:\\\/\\\/www.gardenstore.es\\\/en\\\/gardenstore-at-the-fsb-international-trade-fair-in-cologne\\\/#breadcrumb\",\"itemListElement\":[{\"@type\":\"ListItem\",\"position\":1,\"name\":\"Home\",\"item\":\"https:\\\/\\\/www.gardenstore.es\\\/en\\\/home\\\/\"},{\"@type\":\"ListItem\",\"position\":2,\"name\":\"Gardenstore at the FSB International Trade Fair in Cologne\"}]},{\"@type\":\"WebSite\",\"@id\":\"https:\\\/\\\/www.gardenstore.es\\\/en\\\/#website\",\"url\":\"https:\\\/\\\/www.gardenstore.es\\\/en\\\/\",\"name\":\"GardenStore | Venta e instalaci\u00f3n de C\u00e9sped Artificial\",\"description\":\"C\u00e9sped Artificial en Sevilla\",\"publisher\":{\"@id\":\"https:\\\/\\\/www.gardenstore.es\\\/en\\\/#organization\"},\"potentialAction\":[{\"@type\":\"SearchAction\",\"target\":{\"@type\":\"EntryPoint\",\"urlTemplate\":\"https:\\\/\\\/www.gardenstore.es\\\/en\\\/?s={search_term_string}\"},\"query-input\":{\"@type\":\"PropertyValueSpecification\",\"valueRequired\":true,\"valueName\":\"search_term_string\"}}],\"inLanguage\":\"en-US\"},{\"@type\":\"Organization\",\"@id\":\"https:\\\/\\\/www.gardenstore.es\\\/en\\\/#organization\",\"name\":\"GardenStore\",\"url\":\"https:\\\/\\\/www.gardenstore.es\\\/en\\\/\",\"logo\":{\"@type\":\"ImageObject\",\"inLanguage\":\"en-US\",\"@id\":\"https:\\\/\\\/www.gardenstore.es\\\/en\\\/#\\\/schema\\\/logo\\\/image\\\/\",\"url\":\"https:\\\/\\\/www.gardenstore.es\\\/wp-content\\\/uploads\\\/2025\\\/10\\\/LOGOTIPO_V1.svg\",\"contentUrl\":\"https:\\\/\\\/www.gardenstore.es\\\/wp-content\\\/uploads\\\/2025\\\/10\\\/LOGOTIPO_V1.svg\",\"width\":818,\"height\":130,\"caption\":\"GardenStore\"},\"image\":{\"@id\":\"https:\\\/\\\/www.gardenstore.es\\\/en\\\/#\\\/schema\\\/logo\\\/image\\\/\"}},{\"@type\":\"Person\",\"@id\":\"https:\\\/\\\/www.gardenstore.es\\\/en\\\/#\\\/schema\\\/person\\\/9031960d456b171629a45e2dad4581cd\",\"name\":\"GardenStore\",\"image\":{\"@type\":\"ImageObject\",\"inLanguage\":\"en-US\",\"@id\":\"https:\\\/\\\/secure.gravatar.com\\\/avatar\\\/4fa0772ee30c4c852667710b036ed404ab0356d7848dbe557686fbe3b601abbe?s=96&d=mm&r=g\",\"url\":\"https:\\\/\\\/secure.gravatar.com\\\/avatar\\\/4fa0772ee30c4c852667710b036ed404ab0356d7848dbe557686fbe3b601abbe?s=96&d=mm&r=g\",\"contentUrl\":\"https:\\\/\\\/secure.gravatar.com\\\/avatar\\\/4fa0772ee30c4c852667710b036ed404ab0356d7848dbe557686fbe3b601abbe?s=96&d=mm&r=g\",\"caption\":\"GardenStore\"},\"sameAs\":[\"eljardinartificial@gmail.com\"]}]}<\/script>\n<!-- \/ Yoast SEO plugin. -->","yoast_head_json":{"title":"Gardenstore at the FSB International Trade Fair in Cologne","description":"GardenStore attends FSB 2017, the international trade fair specializing in comfort areas, outdoor activities, and sports accessories, held every two years in Cologne.","robots":{"index":"index","follow":"follow","max-snippet":"max-snippet:-1","max-image-preview":"max-image-preview:large","max-video-preview":"max-video-preview:-1"},"canonical":"https:\/\/www.gardenstore.es\/en\/gardenstore-at-the-fsb-international-trade-fair-in-cologne\/","og_locale":"en_US","og_type":"article","og_title":"Gardenstore at the FSB international artificial turf trade fair","og_description":"Once again, Gardenstore attended the FSB 2017 international artificial turf trade fair, the international trade fair specializing in comfort areas, outdoor activities, and sports accessories, held every two years in Cologne.","og_url":"https:\/\/www.gardenstore.es\/en\/gardenstore-at-the-fsb-international-trade-fair-in-cologne\/","og_site_name":"GardenStore","article_published_time":"2017-12-26T10:00:20+00:00","article_modified_time":"2025-10-24T08:16:00+00:00","og_image":[{"url":"https:\/\/www.gardenstore.es\/wp-content\/uploads\/2018\/02\/articulo_fb.jpg","type":"","width":"","height":""}],"author":"GardenStore","twitter_card":"summary_large_image","twitter_misc":{"Written by":"GardenStore","Est. reading time":"2 minutes"},"schema":{"@context":"https:\/\/schema.org","@graph":[{"@type":"Article","@id":"https:\/\/www.gardenstore.es\/en\/gardenstore-at-the-fsb-international-trade-fair-in-cologne\/#article","isPartOf":{"@id":"https:\/\/www.gardenstore.es\/en\/gardenstore-at-the-fsb-international-trade-fair-in-cologne\/"},"author":{"name":"GardenStore","@id":"https:\/\/www.gardenstore.es\/en\/#\/schema\/person\/9031960d456b171629a45e2dad4581cd"},"headline":"Gardenstore at the FSB International Trade Fair in Cologne","datePublished":"2017-12-26T10:00:20+00:00","dateModified":"2025-10-24T08:16:00+00:00","mainEntityOfPage":{"@id":"https:\/\/www.gardenstore.es\/en\/gardenstore-at-the-fsb-international-trade-fair-in-cologne\/"},"wordCount":445,"publisher":{"@id":"https:\/\/www.gardenstore.es\/en\/#organization"},"image":{"@id":"https:\/\/www.gardenstore.es\/en\/gardenstore-at-the-fsb-international-trade-fair-in-cologne\/#primaryimage"},"thumbnailUrl":"https:\/\/www.gardenstore.es\/wp-content\/uploads\/2018\/02\/articulo.jpg","keywords":["Artificial turf","Cologne","fsb","Gardenstore","international fair"],"articleSection":["About Us","News"],"inLanguage":"en-US"},{"@type":"WebPage","@id":"https:\/\/www.gardenstore.es\/en\/gardenstore-at-the-fsb-international-trade-fair-in-cologne\/","url":"https:\/\/www.gardenstore.es\/en\/gardenstore-at-the-fsb-international-trade-fair-in-cologne\/","name":"Gardenstore at the FSB International Trade Fair in Cologne","isPartOf":{"@id":"https:\/\/www.gardenstore.es\/en\/#website"},"primaryImageOfPage":{"@id":"https:\/\/www.gardenstore.es\/en\/gardenstore-at-the-fsb-international-trade-fair-in-cologne\/#primaryimage"},"image":{"@id":"https:\/\/www.gardenstore.es\/en\/gardenstore-at-the-fsb-international-trade-fair-in-cologne\/#primaryimage"},"thumbnailUrl":"https:\/\/www.gardenstore.es\/wp-content\/uploads\/2018\/02\/articulo.jpg","datePublished":"2017-12-26T10:00:20+00:00","dateModified":"2025-10-24T08:16:00+00:00","description":"GardenStore attends FSB 2017, the international trade fair specializing in comfort areas, outdoor activities, and sports accessories, held every two years in Cologne.","breadcrumb":{"@id":"https:\/\/www.gardenstore.es\/en\/gardenstore-at-the-fsb-international-trade-fair-in-cologne\/#breadcrumb"},"inLanguage":"en-US","potentialAction":[{"@type":"ReadAction","target":["https:\/\/www.gardenstore.es\/en\/gardenstore-at-the-fsb-international-trade-fair-in-cologne\/"]}]},{"@type":"ImageObject","inLanguage":"en-US","@id":"https:\/\/www.gardenstore.es\/en\/gardenstore-at-the-fsb-international-trade-fair-in-cologne\/#primaryimage","url":"https:\/\/www.gardenstore.es\/wp-content\/uploads\/2018\/02\/articulo.jpg","contentUrl":"https:\/\/www.gardenstore.es\/wp-content\/uploads\/2018\/02\/articulo.jpg","width":1200,"height":800},{"@type":"BreadcrumbList","@id":"https:\/\/www.gardenstore.es\/en\/gardenstore-at-the-fsb-international-trade-fair-in-cologne\/#breadcrumb","itemListElement":[{"@type":"ListItem","position":1,"name":"Home","item":"https:\/\/www.gardenstore.es\/en\/home\/"},{"@type":"ListItem","position":2,"name":"Gardenstore at the FSB International Trade Fair in Cologne"}]},{"@type":"WebSite","@id":"https:\/\/www.gardenstore.es\/en\/#website","url":"https:\/\/www.gardenstore.es\/en\/","name":"GardenStore | Venta e instalaci\u00f3n de C\u00e9sped Artificial","description":"C\u00e9sped Artificial en Sevilla","publisher":{"@id":"https:\/\/www.gardenstore.es\/en\/#organization"},"potentialAction":[{"@type":"SearchAction","target":{"@type":"EntryPoint","urlTemplate":"https:\/\/www.gardenstore.es\/en\/?s={search_term_string}"},"query-input":{"@type":"PropertyValueSpecification","valueRequired":true,"valueName":"search_term_string"}}],"inLanguage":"en-US"},{"@type":"Organization","@id":"https:\/\/www.gardenstore.es\/en\/#organization","name":"GardenStore","url":"https:\/\/www.gardenstore.es\/en\/","logo":{"@type":"ImageObject","inLanguage":"en-US","@id":"https:\/\/www.gardenstore.es\/en\/#\/schema\/logo\/image\/","url":"https:\/\/www.gardenstore.es\/wp-content\/uploads\/2025\/10\/LOGOTIPO_V1.svg","contentUrl":"https:\/\/www.gardenstore.es\/wp-content\/uploads\/2025\/10\/LOGOTIPO_V1.svg","width":818,"height":130,"caption":"GardenStore"},"image":{"@id":"https:\/\/www.gardenstore.es\/en\/#\/schema\/logo\/image\/"}},{"@type":"Person","@id":"https:\/\/www.gardenstore.es\/en\/#\/schema\/person\/9031960d456b171629a45e2dad4581cd","name":"GardenStore","image":{"@type":"ImageObject","inLanguage":"en-US","@id":"https:\/\/secure.gravatar.com\/avatar\/4fa0772ee30c4c852667710b036ed404ab0356d7848dbe557686fbe3b601abbe?s=96&d=mm&r=g","url":"https:\/\/secure.gravatar.com\/avatar\/4fa0772ee30c4c852667710b036ed404ab0356d7848dbe557686fbe3b601abbe?s=96&d=mm&r=g","contentUrl":"https:\/\/secure.gravatar.com\/avatar\/4fa0772ee30c4c852667710b036ed404ab0356d7848dbe557686fbe3b601abbe?s=96&d=mm&r=g","caption":"GardenStore"},"sameAs":["eljardinartificial@gmail.com"]}]}},"_links":{"self":[{"href":"https:\/\/www.gardenstore.es\/en\/wp-json\/wp\/v2\/posts\/15304","targetHints":{"allow":["GET"]}}],"collection":[{"href":"https:\/\/www.gardenstore.es\/en\/wp-json\/wp\/v2\/posts"}],"about":[{"href":"https:\/\/www.gardenstore.es\/en\/wp-json\/wp\/v2\/types\/post"}],"author":[{"embeddable":true,"href":"https:\/\/www.gardenstore.es\/en\/wp-json\/wp\/v2\/users\/6"}],"replies":[{"embeddable":true,"href":"https:\/\/www.gardenstore.es\/en\/wp-json\/wp\/v2\/comments?post=15304"}],"version-history":[{"count":0,"href":"https:\/\/www.gardenstore.es\/en\/wp-json\/wp\/v2\/posts\/15304\/revisions"}],"wp:featuredmedia":[{"embeddable":true,"href":"https:\/\/www.gardenstore.es\/en\/wp-json\/wp\/v2\/media\/15305"}],"wp:attachment":[{"href":"https:\/\/www.gardenstore.es\/en\/wp-json\/wp\/v2\/media?parent=15304"}],"wp:term":[{"taxonomy":"category","embeddable":true,"href":"https:\/\/www.gardenstore.es\/en\/wp-json\/wp\/v2\/categories?post=15304"},{"taxonomy":"post_tag","embeddable":true,"href":"https:\/\/www.gardenstore.es\/en\/wp-json\/wp\/v2\/tags?post=15304"}],"curies":[{"name":"wp","href":"https:\/\/api.w.org\/{rel}","templated":true}]}}