{"id":15284,"date":"2024-06-23T12:16:36","date_gmt":"2024-06-23T10:16:36","guid":{"rendered":"https:\/\/www.gardenstore.es\/event-decoration-with-artificial-turf-and-artificial-vertical-gardens\/"},"modified":"2025-10-24T10:11:53","modified_gmt":"2025-10-24T08:11:53","slug":"event-decoration-with-artificial-turf-and-artificial-vertical-gardens","status":"publish","type":"post","link":"https:\/\/www.gardenstore.es\/en\/event-decoration-with-artificial-turf-and-artificial-vertical-gardens\/","title":{"rendered":"Event Decoration with Artificial Turf and Artificial Vertical Gardens"},"content":{"rendered":"<p><span style=\"font-weight: 400;\">In the world of<\/span> <b>event planning<\/b><span style=\"font-weight: 400;\">, the atmosphere and decoration of the space play a fundamental role in creating a<\/span> <b>memorable experience<\/b><span style=\"font-weight: 400;\">. In this sense, the<\/span> <b>use of<\/b> <b>artificial turf and artificial vertical gardens<\/b> <span style=\"font-weight: 400;\">is becoming a growing trend. They can<\/span> <b>transform any event<\/b><span style=\"font-weight: 400;\">. In this article, we will explain it to you in detail.<\/span> <\/p>\n<p><span style=\"font-weight: 400;\">In this sense, our company,<\/span> <strong><a href=\"https:\/\/www.gardenstore.es\/en\/\">GardenStore<\/a><\/strong><span style=\"font-weight: 400;\">, can be your<\/span> <b>perfect ally<\/b><span style=\"font-weight: 400;\"> for this task. We have experience in holding large events and we ensure that every detail is perfect.<\/span><\/p>\n<h2><b>Advantages of Artificial Turf in Event Celebrations<\/b><\/h2>\n<p>Are you familiar with the advantages of using <span style=\"font-weight: 400;\"><strong><a href=\"https:\/\/www.gardenstore.es\/cesped-artificial\/\">artificial turf in event decoration<\/a><\/strong>?<\/span> We are going to tell you about some:<\/p>\n<h3><b>Versatility of Artificial Turf<\/b><\/h3>\n<p><span style=\"font-weight: 400;\">Artificial turf can be installed on<\/span> <b>virtually any surface<\/b><span style=\"font-weight: 400;\">, whether indoors or outdoors. This allows you to<\/span> <b>create green spaces<\/b> <span style=\"font-weight: 400;\">in places where natural grass would be unfeasible.<\/span><\/p>\n<h3><b>Aesthetics and Comfort<\/b><\/h3>\n<p><span style=\"font-weight: 400;\">It provides a<\/span> <b>visually appealing<\/b> <span style=\"font-weight: 400;\">appearance and a<\/span> <b>pleasant sensation<\/b> <span style=\"font-weight: 400;\">to the touch and when stepped on,<\/span> <b>improving the experience<\/b> <span style=\"font-weight: 400;\">of the attendees.<\/span><\/p>\n<h3><b>Fast Installation and Removal of Turf<\/b><\/h3>\n<p><span style=\"font-weight: 400;\">The installation of artificial turf<\/span> <b>does not require much advance notice<\/b> <span style=\"font-weight: 400;\">and can be<\/span> <b>removed in a short period of time<\/b> <span style=\"font-weight: 400;\">to prepare for the celebration of the next event, so you can transform any space in record time.<\/span><\/p>\n<h3><b>Durability of Artificial Turf<\/b><\/h3>\n<p><span style=\"font-weight: 400;\">It withstands heavy foot traffic and adverse weather conditions<\/span> <b>without losing its appearance<\/b><span style=\"font-weight: 400;\">, ensuring that the space<\/span> <b>remains impeccable<\/b> <span style=\"font-weight: 400;\">during<\/span> <b>the entire event.<\/b><\/p>\n<p><img fetchpriority=\"high\" decoding=\"async\" class=\"aligncenter wp-image-7475 size-large\" src=\"https:\/\/www.gardenstore.es\/wp-content\/uploads\/2024\/06\/1.-Durabilidad-del-cesped-artificial-1024x768.jpg\" alt=\"artificial turf events\" width=\"840\" height=\"630\" srcset=\"https:\/\/www.gardenstore.es\/wp-content\/uploads\/2024\/06\/1.-Durabilidad-del-cesped-artificial-1024x768.jpg 1024w, https:\/\/www.gardenstore.es\/wp-content\/uploads\/2024\/06\/1.-Durabilidad-del-cesped-artificial-700x525.jpg 700w, https:\/\/www.gardenstore.es\/wp-content\/uploads\/2024\/06\/1.-Durabilidad-del-cesped-artificial-300x225.jpg 300w, https:\/\/www.gardenstore.es\/wp-content\/uploads\/2024\/06\/1.-Durabilidad-del-cesped-artificial-768x576.jpg 768w, https:\/\/www.gardenstore.es\/wp-content\/uploads\/2024\/06\/1.-Durabilidad-del-cesped-artificial-1536x1152.jpg 1536w, https:\/\/www.gardenstore.es\/wp-content\/uploads\/2024\/06\/1.-Durabilidad-del-cesped-artificial.jpg 1600w\" sizes=\"(max-width: 840px) 100vw, 840px\" \/><\/p>\n<h3><b>Minimum Maintenance<\/b><\/h3>\n<p><span style=\"font-weight: 400;\">In the event that it is decided to keep the artificial turf for several continuous events over time, unlike natural grass, it does not require watering, cutting or fertilization, which translates into a<\/span> <b>lower maintenance cost and effort<\/b><span style=\"font-weight: 400;\">, with an<\/span> <b>impeccable result.<\/b><\/p>\n<p><span style=\"font-weight: 400;\">Artificial turf is an ideal option for a wide variety of events, from outdoor weddings and birthday parties to corporate events and fairs. It provides a practical and aesthetic solution that contributes to creating an unforgettable experience. <\/span><\/p>\n<h2><b>Artificial Vertical Gardens: a Touch of Elegance and Originality<\/b><\/h2>\n<p><img decoding=\"async\" class=\"aligncenter wp-image-7473 \" src=\"https:\/\/www.gardenstore.es\/wp-content\/uploads\/2024\/06\/2.-Jardines-Verticales-Artificiales-225x300.jpg\" alt=\"artificial vertical gardens events\" width=\"348\" height=\"464\" srcset=\"https:\/\/www.gardenstore.es\/wp-content\/uploads\/2024\/06\/2.-Jardines-Verticales-Artificiales-225x300.jpg 225w, https:\/\/www.gardenstore.es\/wp-content\/uploads\/2024\/06\/2.-Jardines-Verticales-Artificiales-700x933.jpg 700w, https:\/\/www.gardenstore.es\/wp-content\/uploads\/2024\/06\/2.-Jardines-Verticales-Artificiales-768x1024.jpg 768w, https:\/\/www.gardenstore.es\/wp-content\/uploads\/2024\/06\/2.-Jardines-Verticales-Artificiales-1152x1536.jpg 1152w, https:\/\/www.gardenstore.es\/wp-content\/uploads\/2024\/06\/2.-Jardines-Verticales-Artificiales.jpg 1536w\" sizes=\"(max-width: 348px) 100vw, 348px\" \/><\/p>\n<p><span style=\"font-weight: 400;\">Artificial<\/span> <strong><a href=\"https:\/\/www.gardenstore.es\/jardin-vertical-artificial-sevilla\/\">vertical gardens<\/a><\/strong> <span style=\"font-weight: 400;\">are an excellent way to add a<\/span> <b>decorative and distinctive element<\/b> <span style=\"font-weight: 400;\">to any event. These green walls not only beautify the space, but also offer<\/span> <b>specific advantages<\/b><span style=\"font-weight: 400;\">:<\/span><\/p>\n<h3><b>Personalization of Artificial Vertical Gardens<\/b><\/h3>\n<p><span style=\"font-weight: 400;\">Vertical gardens can be adapted to the theme of the event or to corporate colors, creating a cohesive and harmonious environment.<\/span><\/p>\n<h3><b>Quick Assembly and Disassembly<\/b><\/h3>\n<p><span style=\"font-weight: 400;\">Unlike natural vertical gardens, artificial ones are<\/span> <b>easy to assemble and disassemble<\/b><span style=\"font-weight: 400;\">, allowing for<\/span> <b>greater flexibility<\/b> <span style=\"font-weight: 400;\">in the planning and execution of the event.<\/span><\/p>\n<h3><b>Visual Impact of an Artificial Vertical Garden<\/b><\/h3>\n<p><span style=\"font-weight: 400;\">Artificial vertical gardens have an immediate effect, surprising and delighting guests from the first moment.<\/span><\/p>\n<p><span style=\"font-weight: 400;\">In<\/span> <b>baptisms, communions<\/b> <span style=\"font-weight: 400;\">and celebrations in general, these gardens can<\/span> <b>transform any space<\/b> <span style=\"font-weight: 400;\">into a<\/span> <b>natural and unique environment<\/b><span style=\"font-weight: 400;\">. They are perfect as a background for a photocall or to highlight special corners. In<\/span> <b>corporate events, fairs and exhibitions<\/b><span style=\"font-weight: 400;\">, they add<\/span> <b>sophistication and freshness<\/b><span style=\"font-weight: 400;\">, creating a unique visual attraction, capturing the attention of visitors on any stand or exhibition. Whether in<\/span> <b>themed parties or social gatherings<\/b><span style=\"font-weight: 400;\">, these vertical gardens can be the differentiating element that makes your event<\/span> <b>memorable and special<\/b><span style=\"font-weight: 400;\">.<\/span><\/p>\n<p><img decoding=\"async\" class=\" wp-image-7474 aligncenter\" src=\"https:\/\/www.gardenstore.es\/wp-content\/uploads\/2024\/06\/3.-Impacto-visual-de-un-jardin-vertical-artificial-186x300.jpg\" alt=\"artificial vertical gardens for events\" width=\"294\" height=\"474\" srcset=\"https:\/\/www.gardenstore.es\/wp-content\/uploads\/2024\/06\/3.-Impacto-visual-de-un-jardin-vertical-artificial-186x300.jpg 186w, https:\/\/www.gardenstore.es\/wp-content\/uploads\/2024\/06\/3.-Impacto-visual-de-un-jardin-vertical-artificial.jpg 497w\" sizes=\"(max-width: 294px) 100vw, 294px\" \/><\/p>\n<h2><b>GardenStore: your Ally in Event Decoration <\/b><\/h2>\n<p><a href=\"https:\/\/www.gardenstore.es\/en\/\"><b>GardenStore<\/b><\/a> <span style=\"font-weight: 400;\">is a<\/span> <b>leading company<\/b> <span style=\"font-weight: 400;\">in the sale and installation of<\/span> <b>artificial turf and vertical gardens<\/b> <b>in<\/b> <span style=\"font-weight: 400;\">all of Spain. We have experience in offering<\/span> <b>personalized solutions<\/b> <span style=\"font-weight: 400;\">in<\/span> <b>event decoration<\/b><span style=\"font-weight: 400;\">, adapting to the needs and preferences of each client.<\/span> <\/p>\n<p><span style=\"font-weight: 400;\">For the celebration of the<\/span> <a href=\"https:\/\/www.instagram.com\/gardenstores\/reel\/C7ypjxuPU1y\/\" target=\"_blank\" rel=\"noopener\"><b>2024 Champions League victory<\/b><\/a><span style=\"font-weight: 400;\">, we installed our<\/span> <b>artificial turf<\/b> <span style=\"font-weight: 400;\">in record time at the<\/span> <b>Santiago Bernab\u00e9u stadium<\/b><span style=\"font-weight: 400;\">, home of<\/span> <b>Real Madrid C.F.<\/b><span style=\"font-weight: 400;\">, achieving a<\/span> <b>spectacular result<\/b> <span style=\"font-weight: 400;\">that exceeded the expectations of all those present.<\/span> <\/p>\n<p><img loading=\"lazy\" decoding=\"async\" class=\"aligncenter wp-image-7472 size-full\" src=\"https:\/\/www.gardenstore.es\/wp-content\/uploads\/2024\/06\/4.-Gardenstore-tu-aliado-en-decoracion-de-eventos.jpg\" alt=\"artificial turf events\" width=\"800\" height=\"600\" srcset=\"https:\/\/www.gardenstore.es\/wp-content\/uploads\/2024\/06\/4.-Gardenstore-tu-aliado-en-decoracion-de-eventos.jpg 800w, https:\/\/www.gardenstore.es\/wp-content\/uploads\/2024\/06\/4.-Gardenstore-tu-aliado-en-decoracion-de-eventos-700x525.jpg 700w, https:\/\/www.gardenstore.es\/wp-content\/uploads\/2024\/06\/4.-Gardenstore-tu-aliado-en-decoracion-de-eventos-300x225.jpg 300w, https:\/\/www.gardenstore.es\/wp-content\/uploads\/2024\/06\/4.-Gardenstore-tu-aliado-en-decoracion-de-eventos-768x576.jpg 768w\" sizes=\"(max-width: 800px) 100vw, 800px\" \/><\/p>\n<p><span style=\"font-weight: 400;\">Some of the services we offer include:<\/span><\/p>\n<ul>\n<li style=\"font-weight: 400;\" aria-level=\"1\"><b>Personalized advice:<\/b> <span style=\"font-weight: 400;\">We help you choose the<\/span> <b>most suitable artificial turf model for your event<\/b><span style=\"font-weight: 400;\">, considering factors such as the type of surface, the use that will be given to it, as well as the desired style.<\/span><\/li>\n<\/ul>\n<ul>\n<li style=\"font-weight: 400;\" aria-level=\"1\"><b>Professional installation:<\/b> <span style=\"font-weight: 400;\">Our team of<\/span> <b>expert professionals<\/b> <span style=\"font-weight: 400;\">takes care of the installation of artificial turf and vertical gardens, ensuring a<\/span> <b>perfect and lasting finish<\/b><span style=\"font-weight: 400;\">. We take care of every detail.<\/span><\/li>\n<\/ul>\n<ul>\n<li style=\"font-weight: 400;\" aria-level=\"1\"><b>Efficient removal:<\/b> <span style=\"font-weight: 400;\">At the end of the event, we take care of<\/span> <b>dismantling and removing all the material,<\/b> <span style=\"font-weight: 400;\">leaving the space as it was originally.<\/span><\/li>\n<\/ul>\n<ul>\n<li style=\"font-weight: 400;\" aria-level=\"1\"><b>Custom design:<\/b> <span style=\"font-weight: 400;\">We create personalized vertical gardens according to the theme of the event or the colors that you want to highlight, ensuring a<\/span> <b>unique and memorable decoration<\/b><span style=\"font-weight: 400;\">.<\/span><\/li>\n<\/ul>\n<p><span style=\"font-weight: 400;\">Artificial<\/span> <strong><a href=\"https:\/\/www.gardenstore.es\/cesped-artificial\/\">turf<\/a><\/strong> <span style=\"font-weight: 400;\">and<\/span> <strong><a href=\"https:\/\/www.gardenstore.es\/jardin-vertical-artificial-sevilla\/\">artificial vertical gardens<\/a><\/strong> <span style=\"font-weight: 400;\">are<\/span> <b>ideal options<\/b> <span style=\"font-weight: 400;\">for decorating<\/span> <b>any type of event<\/b><span style=\"font-weight: 400;\">, offering a combination of aesthetics and functionality. With the help of<\/span> <strong><a href=\"https:\/\/www.gardenstore.es\/en\/\">GardenStore<\/a><\/strong> <span style=\"font-weight: 400;\">, you can<\/span> <b>transform your event<\/b> <span style=\"font-weight: 400;\">to live an<\/span> <b>unforgettable experience<\/b><span style=\"font-weight: 400;\">, without worrying about the details of the installation or removal.<\/span> <\/p>\n<p><span style=\"font-weight: 400;\">Trust<\/span> <b>our experts<\/b> <span style=\"font-weight: 400;\">to create a<\/span> <b>spectacular environment<\/b> <span style=\"font-weight: 400;\">that will impress all the guests at the event. For more information and advice,<\/span> <strong><a href=\"https:\/\/www.gardenstore.es\/presupuesto-personalizado\/\">contact us<\/a><\/strong> <span style=\"font-weight: 400;\">and we will assist you personally. We are here to make your event a<\/span> <b>total success<\/b><span style=\"font-weight: 400;\">!<\/span><\/p>\n","protected":false},"excerpt":{"rendered":"<p>In the world of event planning, the atmosphere and decoration of the space play a fundamental role in creating a memorable experience. In this sense, the use of artificial turf and artificial vertical gardens is becoming a growing trend. They can transform any event. In this article, we will explain it to you in detail. &#8230; <a title=\"Event Decoration with Artificial Turf and Artificial Vertical Gardens\" class=\"read-more\" href=\"https:\/\/www.gardenstore.es\/en\/event-decoration-with-artificial-turf-and-artificial-vertical-gardens\/\" aria-label=\"Read more about Event Decoration with Artificial Turf and Artificial Vertical Gardens\">Read more<\/a><\/p>\n","protected":false},"author":12,"featured_media":15285,"comment_status":"closed","ping_status":"closed","sticky":false,"template":"","format":"standard","meta":{"_acf_changed":false,"footnotes":""},"categories":[377],"tags":[],"class_list":["post-15284","post","type-post","status-publish","format-standard","has-post-thumbnail","hentry","category-decorative-turf"],"acf":[],"yoast_head":"<!-- This site is optimized with the Yoast SEO plugin v27.5 - https:\/\/yoast.com\/product\/yoast-seo-wordpress\/ -->\n<title>Event Decoration with Artificial Turf and Vertical Gardens<\/title>\n<meta name=\"description\" content=\"The use of artificial turf and artificial vertical gardens is becoming a growing trend at any event.\" \/>\n<meta name=\"robots\" content=\"index, follow, max-snippet:-1, max-image-preview:large, max-video-preview:-1\" \/>\n<link rel=\"canonical\" href=\"https:\/\/www.gardenstore.es\/en\/event-decoration-with-artificial-turf-and-artificial-vertical-gardens\/\" \/>\n<meta property=\"og:locale\" content=\"en_US\" \/>\n<meta property=\"og:type\" content=\"article\" \/>\n<meta property=\"og:title\" content=\"Event Decoration with Artificial Turf and Vertical Gardens\" \/>\n<meta property=\"og:description\" content=\"The use of artificial turf and artificial vertical gardens is becoming a growing trend at any event.\" \/>\n<meta property=\"og:url\" content=\"https:\/\/www.gardenstore.es\/en\/event-decoration-with-artificial-turf-and-artificial-vertical-gardens\/\" \/>\n<meta property=\"og:site_name\" content=\"GardenStore\" \/>\n<meta property=\"article:published_time\" content=\"2024-06-23T10:16:36+00:00\" \/>\n<meta property=\"article:modified_time\" content=\"2025-10-24T08:11:53+00:00\" \/>\n<meta property=\"og:image\" content=\"https:\/\/www.gardenstore.es\/wp-content\/uploads\/2022\/12\/VGP-2.jpg\" \/>\n\t<meta property=\"og:image:width\" content=\"1100\" \/>\n\t<meta property=\"og:image:height\" content=\"733\" \/>\n\t<meta property=\"og:image:type\" content=\"image\/jpeg\" \/>\n<meta name=\"author\" content=\"Starenlared\" \/>\n<meta name=\"twitter:card\" content=\"summary_large_image\" \/>\n<meta name=\"twitter:label1\" content=\"Written by\" \/>\n\t<meta name=\"twitter:data1\" content=\"Starenlared\" \/>\n\t<meta name=\"twitter:label2\" content=\"Est. reading time\" \/>\n\t<meta name=\"twitter:data2\" content=\"4 minutes\" \/>\n<script type=\"application\/ld+json\" class=\"yoast-schema-graph\">{\"@context\":\"https:\\\/\\\/schema.org\",\"@graph\":[{\"@type\":\"Article\",\"@id\":\"https:\\\/\\\/www.gardenstore.es\\\/en\\\/event-decoration-with-artificial-turf-and-artificial-vertical-gardens\\\/#article\",\"isPartOf\":{\"@id\":\"https:\\\/\\\/www.gardenstore.es\\\/en\\\/event-decoration-with-artificial-turf-and-artificial-vertical-gardens\\\/\"},\"author\":{\"name\":\"Starenlared\",\"@id\":\"https:\\\/\\\/www.gardenstore.es\\\/en\\\/#\\\/schema\\\/person\\\/158871b74568a9c31bbea04b6ff9a0c7\"},\"headline\":\"Event Decoration with Artificial Turf and Artificial Vertical Gardens\",\"datePublished\":\"2024-06-23T10:16:36+00:00\",\"dateModified\":\"2025-10-24T08:11:53+00:00\",\"mainEntityOfPage\":{\"@id\":\"https:\\\/\\\/www.gardenstore.es\\\/en\\\/event-decoration-with-artificial-turf-and-artificial-vertical-gardens\\\/\"},\"wordCount\":827,\"publisher\":{\"@id\":\"https:\\\/\\\/www.gardenstore.es\\\/en\\\/#organization\"},\"image\":{\"@id\":\"https:\\\/\\\/www.gardenstore.es\\\/en\\\/event-decoration-with-artificial-turf-and-artificial-vertical-gardens\\\/#primaryimage\"},\"thumbnailUrl\":\"https:\\\/\\\/www.gardenstore.es\\\/wp-content\\\/uploads\\\/2022\\\/12\\\/VGP-2.jpg\",\"articleSection\":[\"Decorative Turf\"],\"inLanguage\":\"en-US\"},{\"@type\":\"WebPage\",\"@id\":\"https:\\\/\\\/www.gardenstore.es\\\/en\\\/event-decoration-with-artificial-turf-and-artificial-vertical-gardens\\\/\",\"url\":\"https:\\\/\\\/www.gardenstore.es\\\/en\\\/event-decoration-with-artificial-turf-and-artificial-vertical-gardens\\\/\",\"name\":\"Event Decoration with Artificial Turf and Vertical Gardens\",\"isPartOf\":{\"@id\":\"https:\\\/\\\/www.gardenstore.es\\\/en\\\/#website\"},\"primaryImageOfPage\":{\"@id\":\"https:\\\/\\\/www.gardenstore.es\\\/en\\\/event-decoration-with-artificial-turf-and-artificial-vertical-gardens\\\/#primaryimage\"},\"image\":{\"@id\":\"https:\\\/\\\/www.gardenstore.es\\\/en\\\/event-decoration-with-artificial-turf-and-artificial-vertical-gardens\\\/#primaryimage\"},\"thumbnailUrl\":\"https:\\\/\\\/www.gardenstore.es\\\/wp-content\\\/uploads\\\/2022\\\/12\\\/VGP-2.jpg\",\"datePublished\":\"2024-06-23T10:16:36+00:00\",\"dateModified\":\"2025-10-24T08:11:53+00:00\",\"description\":\"The use of artificial turf and artificial vertical gardens is becoming a growing trend at any event.\",\"breadcrumb\":{\"@id\":\"https:\\\/\\\/www.gardenstore.es\\\/en\\\/event-decoration-with-artificial-turf-and-artificial-vertical-gardens\\\/#breadcrumb\"},\"inLanguage\":\"en-US\",\"potentialAction\":[{\"@type\":\"ReadAction\",\"target\":[\"https:\\\/\\\/www.gardenstore.es\\\/en\\\/event-decoration-with-artificial-turf-and-artificial-vertical-gardens\\\/\"]}]},{\"@type\":\"ImageObject\",\"inLanguage\":\"en-US\",\"@id\":\"https:\\\/\\\/www.gardenstore.es\\\/en\\\/event-decoration-with-artificial-turf-and-artificial-vertical-gardens\\\/#primaryimage\",\"url\":\"https:\\\/\\\/www.gardenstore.es\\\/wp-content\\\/uploads\\\/2022\\\/12\\\/VGP-2.jpg\",\"contentUrl\":\"https:\\\/\\\/www.gardenstore.es\\\/wp-content\\\/uploads\\\/2022\\\/12\\\/VGP-2.jpg\",\"width\":1100,\"height\":733,\"caption\":\"artificial turf and vertical gardens for events\"},{\"@type\":\"BreadcrumbList\",\"@id\":\"https:\\\/\\\/www.gardenstore.es\\\/en\\\/event-decoration-with-artificial-turf-and-artificial-vertical-gardens\\\/#breadcrumb\",\"itemListElement\":[{\"@type\":\"ListItem\",\"position\":1,\"name\":\"Home\",\"item\":\"https:\\\/\\\/www.gardenstore.es\\\/en\\\/home\\\/\"},{\"@type\":\"ListItem\",\"position\":2,\"name\":\"Event Decoration with Artificial Turf and Artificial Vertical Gardens\"}]},{\"@type\":\"WebSite\",\"@id\":\"https:\\\/\\\/www.gardenstore.es\\\/en\\\/#website\",\"url\":\"https:\\\/\\\/www.gardenstore.es\\\/en\\\/\",\"name\":\"GardenStore | Venta e instalaci\u00f3n de C\u00e9sped Artificial\",\"description\":\"C\u00e9sped Artificial en Sevilla\",\"publisher\":{\"@id\":\"https:\\\/\\\/www.gardenstore.es\\\/en\\\/#organization\"},\"potentialAction\":[{\"@type\":\"SearchAction\",\"target\":{\"@type\":\"EntryPoint\",\"urlTemplate\":\"https:\\\/\\\/www.gardenstore.es\\\/en\\\/?s={search_term_string}\"},\"query-input\":{\"@type\":\"PropertyValueSpecification\",\"valueRequired\":true,\"valueName\":\"search_term_string\"}}],\"inLanguage\":\"en-US\"},{\"@type\":\"Organization\",\"@id\":\"https:\\\/\\\/www.gardenstore.es\\\/en\\\/#organization\",\"name\":\"GardenStore\",\"url\":\"https:\\\/\\\/www.gardenstore.es\\\/en\\\/\",\"logo\":{\"@type\":\"ImageObject\",\"inLanguage\":\"en-US\",\"@id\":\"https:\\\/\\\/www.gardenstore.es\\\/en\\\/#\\\/schema\\\/logo\\\/image\\\/\",\"url\":\"https:\\\/\\\/www.gardenstore.es\\\/wp-content\\\/uploads\\\/2025\\\/10\\\/LOGOTIPO_V1.svg\",\"contentUrl\":\"https:\\\/\\\/www.gardenstore.es\\\/wp-content\\\/uploads\\\/2025\\\/10\\\/LOGOTIPO_V1.svg\",\"width\":818,\"height\":130,\"caption\":\"GardenStore\"},\"image\":{\"@id\":\"https:\\\/\\\/www.gardenstore.es\\\/en\\\/#\\\/schema\\\/logo\\\/image\\\/\"}},{\"@type\":\"Person\",\"@id\":\"https:\\\/\\\/www.gardenstore.es\\\/en\\\/#\\\/schema\\\/person\\\/158871b74568a9c31bbea04b6ff9a0c7\",\"name\":\"Starenlared\",\"image\":{\"@type\":\"ImageObject\",\"inLanguage\":\"en-US\",\"@id\":\"https:\\\/\\\/secure.gravatar.com\\\/avatar\\\/3b4ab7f22c1235d170addf4acbf3093bcf538f00e3e15ecc23afacf8e0f1dd93?s=96&d=mm&r=g\",\"url\":\"https:\\\/\\\/secure.gravatar.com\\\/avatar\\\/3b4ab7f22c1235d170addf4acbf3093bcf538f00e3e15ecc23afacf8e0f1dd93?s=96&d=mm&r=g\",\"contentUrl\":\"https:\\\/\\\/secure.gravatar.com\\\/avatar\\\/3b4ab7f22c1235d170addf4acbf3093bcf538f00e3e15ecc23afacf8e0f1dd93?s=96&d=mm&r=g\",\"caption\":\"Starenlared\"}}]}<\/script>\n<!-- \/ Yoast SEO plugin. -->","yoast_head_json":{"title":"Event Decoration with Artificial Turf and Vertical Gardens","description":"The use of artificial turf and artificial vertical gardens is becoming a growing trend at any event.","robots":{"index":"index","follow":"follow","max-snippet":"max-snippet:-1","max-image-preview":"max-image-preview:large","max-video-preview":"max-video-preview:-1"},"canonical":"https:\/\/www.gardenstore.es\/en\/event-decoration-with-artificial-turf-and-artificial-vertical-gardens\/","og_locale":"en_US","og_type":"article","og_title":"Event Decoration with Artificial Turf and Vertical Gardens","og_description":"The use of artificial turf and artificial vertical gardens is becoming a growing trend at any event.","og_url":"https:\/\/www.gardenstore.es\/en\/event-decoration-with-artificial-turf-and-artificial-vertical-gardens\/","og_site_name":"GardenStore","article_published_time":"2024-06-23T10:16:36+00:00","article_modified_time":"2025-10-24T08:11:53+00:00","og_image":[{"width":1100,"height":733,"url":"https:\/\/www.gardenstore.es\/wp-content\/uploads\/2022\/12\/VGP-2.jpg","type":"image\/jpeg"}],"author":"Starenlared","twitter_card":"summary_large_image","twitter_misc":{"Written by":"Starenlared","Est. reading time":"4 minutes"},"schema":{"@context":"https:\/\/schema.org","@graph":[{"@type":"Article","@id":"https:\/\/www.gardenstore.es\/en\/event-decoration-with-artificial-turf-and-artificial-vertical-gardens\/#article","isPartOf":{"@id":"https:\/\/www.gardenstore.es\/en\/event-decoration-with-artificial-turf-and-artificial-vertical-gardens\/"},"author":{"name":"Starenlared","@id":"https:\/\/www.gardenstore.es\/en\/#\/schema\/person\/158871b74568a9c31bbea04b6ff9a0c7"},"headline":"Event Decoration with Artificial Turf and Artificial Vertical Gardens","datePublished":"2024-06-23T10:16:36+00:00","dateModified":"2025-10-24T08:11:53+00:00","mainEntityOfPage":{"@id":"https:\/\/www.gardenstore.es\/en\/event-decoration-with-artificial-turf-and-artificial-vertical-gardens\/"},"wordCount":827,"publisher":{"@id":"https:\/\/www.gardenstore.es\/en\/#organization"},"image":{"@id":"https:\/\/www.gardenstore.es\/en\/event-decoration-with-artificial-turf-and-artificial-vertical-gardens\/#primaryimage"},"thumbnailUrl":"https:\/\/www.gardenstore.es\/wp-content\/uploads\/2022\/12\/VGP-2.jpg","articleSection":["Decorative Turf"],"inLanguage":"en-US"},{"@type":"WebPage","@id":"https:\/\/www.gardenstore.es\/en\/event-decoration-with-artificial-turf-and-artificial-vertical-gardens\/","url":"https:\/\/www.gardenstore.es\/en\/event-decoration-with-artificial-turf-and-artificial-vertical-gardens\/","name":"Event Decoration with Artificial Turf and Vertical Gardens","isPartOf":{"@id":"https:\/\/www.gardenstore.es\/en\/#website"},"primaryImageOfPage":{"@id":"https:\/\/www.gardenstore.es\/en\/event-decoration-with-artificial-turf-and-artificial-vertical-gardens\/#primaryimage"},"image":{"@id":"https:\/\/www.gardenstore.es\/en\/event-decoration-with-artificial-turf-and-artificial-vertical-gardens\/#primaryimage"},"thumbnailUrl":"https:\/\/www.gardenstore.es\/wp-content\/uploads\/2022\/12\/VGP-2.jpg","datePublished":"2024-06-23T10:16:36+00:00","dateModified":"2025-10-24T08:11:53+00:00","description":"The use of artificial turf and artificial vertical gardens is becoming a growing trend at any event.","breadcrumb":{"@id":"https:\/\/www.gardenstore.es\/en\/event-decoration-with-artificial-turf-and-artificial-vertical-gardens\/#breadcrumb"},"inLanguage":"en-US","potentialAction":[{"@type":"ReadAction","target":["https:\/\/www.gardenstore.es\/en\/event-decoration-with-artificial-turf-and-artificial-vertical-gardens\/"]}]},{"@type":"ImageObject","inLanguage":"en-US","@id":"https:\/\/www.gardenstore.es\/en\/event-decoration-with-artificial-turf-and-artificial-vertical-gardens\/#primaryimage","url":"https:\/\/www.gardenstore.es\/wp-content\/uploads\/2022\/12\/VGP-2.jpg","contentUrl":"https:\/\/www.gardenstore.es\/wp-content\/uploads\/2022\/12\/VGP-2.jpg","width":1100,"height":733,"caption":"artificial turf and vertical gardens for events"},{"@type":"BreadcrumbList","@id":"https:\/\/www.gardenstore.es\/en\/event-decoration-with-artificial-turf-and-artificial-vertical-gardens\/#breadcrumb","itemListElement":[{"@type":"ListItem","position":1,"name":"Home","item":"https:\/\/www.gardenstore.es\/en\/home\/"},{"@type":"ListItem","position":2,"name":"Event Decoration with Artificial Turf and Artificial Vertical Gardens"}]},{"@type":"WebSite","@id":"https:\/\/www.gardenstore.es\/en\/#website","url":"https:\/\/www.gardenstore.es\/en\/","name":"GardenStore | Venta e instalaci\u00f3n de C\u00e9sped Artificial","description":"C\u00e9sped Artificial en Sevilla","publisher":{"@id":"https:\/\/www.gardenstore.es\/en\/#organization"},"potentialAction":[{"@type":"SearchAction","target":{"@type":"EntryPoint","urlTemplate":"https:\/\/www.gardenstore.es\/en\/?s={search_term_string}"},"query-input":{"@type":"PropertyValueSpecification","valueRequired":true,"valueName":"search_term_string"}}],"inLanguage":"en-US"},{"@type":"Organization","@id":"https:\/\/www.gardenstore.es\/en\/#organization","name":"GardenStore","url":"https:\/\/www.gardenstore.es\/en\/","logo":{"@type":"ImageObject","inLanguage":"en-US","@id":"https:\/\/www.gardenstore.es\/en\/#\/schema\/logo\/image\/","url":"https:\/\/www.gardenstore.es\/wp-content\/uploads\/2025\/10\/LOGOTIPO_V1.svg","contentUrl":"https:\/\/www.gardenstore.es\/wp-content\/uploads\/2025\/10\/LOGOTIPO_V1.svg","width":818,"height":130,"caption":"GardenStore"},"image":{"@id":"https:\/\/www.gardenstore.es\/en\/#\/schema\/logo\/image\/"}},{"@type":"Person","@id":"https:\/\/www.gardenstore.es\/en\/#\/schema\/person\/158871b74568a9c31bbea04b6ff9a0c7","name":"Starenlared","image":{"@type":"ImageObject","inLanguage":"en-US","@id":"https:\/\/secure.gravatar.com\/avatar\/3b4ab7f22c1235d170addf4acbf3093bcf538f00e3e15ecc23afacf8e0f1dd93?s=96&d=mm&r=g","url":"https:\/\/secure.gravatar.com\/avatar\/3b4ab7f22c1235d170addf4acbf3093bcf538f00e3e15ecc23afacf8e0f1dd93?s=96&d=mm&r=g","contentUrl":"https:\/\/secure.gravatar.com\/avatar\/3b4ab7f22c1235d170addf4acbf3093bcf538f00e3e15ecc23afacf8e0f1dd93?s=96&d=mm&r=g","caption":"Starenlared"}}]}},"_links":{"self":[{"href":"https:\/\/www.gardenstore.es\/en\/wp-json\/wp\/v2\/posts\/15284","targetHints":{"allow":["GET"]}}],"collection":[{"href":"https:\/\/www.gardenstore.es\/en\/wp-json\/wp\/v2\/posts"}],"about":[{"href":"https:\/\/www.gardenstore.es\/en\/wp-json\/wp\/v2\/types\/post"}],"author":[{"embeddable":true,"href":"https:\/\/www.gardenstore.es\/en\/wp-json\/wp\/v2\/users\/12"}],"replies":[{"embeddable":true,"href":"https:\/\/www.gardenstore.es\/en\/wp-json\/wp\/v2\/comments?post=15284"}],"version-history":[{"count":0,"href":"https:\/\/www.gardenstore.es\/en\/wp-json\/wp\/v2\/posts\/15284\/revisions"}],"wp:featuredmedia":[{"embeddable":true,"href":"https:\/\/www.gardenstore.es\/en\/wp-json\/wp\/v2\/media\/15285"}],"wp:attachment":[{"href":"https:\/\/www.gardenstore.es\/en\/wp-json\/wp\/v2\/media?parent=15284"}],"wp:term":[{"taxonomy":"category","embeddable":true,"href":"https:\/\/www.gardenstore.es\/en\/wp-json\/wp\/v2\/categories?post=15284"},{"taxonomy":"post_tag","embeddable":true,"href":"https:\/\/www.gardenstore.es\/en\/wp-json\/wp\/v2\/tags?post=15284"}],"curies":[{"name":"wp","href":"https:\/\/api.w.org\/{rel}","templated":true}]}}