{"id":15404,"date":"2014-03-28T12:03:13","date_gmt":"2014-03-28T10:03:13","guid":{"rendered":"https:\/\/www.gardenstore.es\/wir-eroeffnen-den-blog-von-gardenstore\/"},"modified":"2025-10-24T10:14:52","modified_gmt":"2025-10-24T08:14:52","slug":"wir-eroeffnen-den-blog-von-gardenstore","status":"publish","type":"post","link":"https:\/\/www.gardenstore.es\/de\/wir-eroeffnen-den-blog-von-gardenstore\/","title":{"rendered":"Wir er\u00f6ffnen den Blog von Gardenstore!"},"content":{"rendered":"<p>Schritt f\u00fcr Schritt, Tag f\u00fcr Tag und mit viel Begeisterung erreichen wir bei Gardenstore unsere Ziele. Vor Kurzem haben wir diese Webseite er\u00f6ffnet, und heute gehen wir den n\u00e4chsten Schritt und er\u00f6ffnen unseren Blogbereich, um Inhalte zu teilen und euch allen noch n\u00e4her zu sein. <\/p>\n<p>Wir m\u00f6chten, dass dieser Bereich ein Treffpunkt f\u00fcr alle ist, die Kunstrasen verwenden. Deshalb findet ihr hier regelm\u00e4\u00dfig Tipps zur Pflege, Nachrichten \u00fcber neue Projekte, die neuesten Entwicklungen im Bereich Kunstrasen und das Sch\u00f6nste: Ihr selbst werdet in unserer Auswahl an Erfolgsgeschichten vertreten sein.<\/p>\n<p>Wir hoffen, dass er euch gef\u00e4llt und ihr keine Bedenken habt, euch jederzeit zu beteiligen, wenn ihr es f\u00fcr angebracht haltet.<\/p>\n","protected":false},"excerpt":{"rendered":"<p>Schritt f\u00fcr Schritt, Tag f\u00fcr Tag und mit viel Begeisterung erreichen wir bei Gardenstore unsere Ziele. Vor Kurzem haben wir diese Webseite er\u00f6ffnet, und heute gehen wir den n\u00e4chsten Schritt und er\u00f6ffnen unseren Blogbereich, um Inhalte zu teilen und euch allen noch n\u00e4her zu sein. Wir m\u00f6chten, dass dieser Bereich ein Treffpunkt f\u00fcr alle ist, &#8230; <a title=\"Wir er\u00f6ffnen den Blog von Gardenstore!\" class=\"read-more\" href=\"https:\/\/www.gardenstore.es\/de\/wir-eroeffnen-den-blog-von-gardenstore\/\" aria-label=\"Mehr Informationen \u00fcber Wir er\u00f6ffnen den Blog von Gardenstore!\">Weiterlesen<\/a><\/p>\n","protected":false},"author":6,"featured_media":15357,"comment_status":"closed","ping_status":"open","sticky":false,"template":"","format":"standard","meta":{"_acf_changed":false,"footnotes":""},"categories":[386],"tags":[387,384,508],"class_list":["post-15404","post","type-post","status-publish","format-standard","has-post-thumbnail","hentry","category-uber-uns","tag-gardenstore","tag-kunstrasen","tag-neuheiten"],"acf":[],"yoast_head":"<!-- This site is optimized with the Yoast SEO plugin v27.5 - https:\/\/yoast.com\/product\/yoast-seo-wordpress\/ -->\n<title>Wir er\u00f6ffnen den Blog von Gardenstore! | GardenStore<\/title>\n<meta name=\"robots\" content=\"index, follow, max-snippet:-1, max-image-preview:large, max-video-preview:-1\" \/>\n<link rel=\"canonical\" href=\"https:\/\/www.gardenstore.es\/de\/wir-eroeffnen-den-blog-von-gardenstore\/\" \/>\n<meta property=\"og:locale\" content=\"de_DE\" \/>\n<meta property=\"og:type\" content=\"article\" \/>\n<meta property=\"og:title\" content=\"Wir er\u00f6ffnen den Blog von Gardenstore! | GardenStore\" \/>\n<meta property=\"og:description\" content=\"Schritt f\u00fcr Schritt, Tag f\u00fcr Tag und mit viel Begeisterung erreichen wir bei Gardenstore unsere Ziele. Vor Kurzem haben wir diese Webseite er\u00f6ffnet, und heute gehen wir den n\u00e4chsten Schritt und er\u00f6ffnen unseren Blogbereich, um Inhalte zu teilen und euch allen noch n\u00e4her zu sein. Wir m\u00f6chten, dass dieser Bereich ein Treffpunkt f\u00fcr alle ist, ... Weiterlesen\" \/>\n<meta property=\"og:url\" content=\"https:\/\/www.gardenstore.es\/de\/wir-eroeffnen-den-blog-von-gardenstore\/\" \/>\n<meta property=\"og:site_name\" content=\"GardenStore\" \/>\n<meta property=\"article:published_time\" content=\"2014-03-28T10:03:13+00:00\" \/>\n<meta property=\"article:modified_time\" content=\"2025-10-24T08:14:52+00:00\" \/>\n<meta property=\"og:image\" content=\"https:\/\/www.gardenstore.es\/wp-content\/uploads\/2017\/07\/Estrenamos-el-blog-de-Gardenstore.jpg\" \/>\n\t<meta property=\"og:image:width\" content=\"1200\" \/>\n\t<meta property=\"og:image:height\" content=\"800\" \/>\n\t<meta property=\"og:image:type\" content=\"image\/jpeg\" \/>\n<meta name=\"author\" content=\"GardenStore\" \/>\n<meta name=\"twitter:card\" content=\"summary_large_image\" \/>\n<meta name=\"twitter:label1\" content=\"Verfasst von\" \/>\n\t<meta name=\"twitter:data1\" content=\"GardenStore\" \/>\n\t<meta name=\"twitter:label2\" content=\"Gesch\u00e4tzte Lesezeit\" \/>\n\t<meta name=\"twitter:data2\" content=\"1\u00a0Minute\" \/>\n<script type=\"application\/ld+json\" class=\"yoast-schema-graph\">{\"@context\":\"https:\\\/\\\/schema.org\",\"@graph\":[{\"@type\":\"Article\",\"@id\":\"https:\\\/\\\/www.gardenstore.es\\\/de\\\/wir-eroeffnen-den-blog-von-gardenstore\\\/#article\",\"isPartOf\":{\"@id\":\"https:\\\/\\\/www.gardenstore.es\\\/de\\\/wir-eroeffnen-den-blog-von-gardenstore\\\/\"},\"author\":{\"name\":\"GardenStore\",\"@id\":\"https:\\\/\\\/www.gardenstore.es\\\/de\\\/#\\\/schema\\\/person\\\/9031960d456b171629a45e2dad4581cd\"},\"headline\":\"Wir er\u00f6ffnen den Blog von Gardenstore!\",\"datePublished\":\"2014-03-28T10:03:13+00:00\",\"dateModified\":\"2025-10-24T08:14:52+00:00\",\"mainEntityOfPage\":{\"@id\":\"https:\\\/\\\/www.gardenstore.es\\\/de\\\/wir-eroeffnen-den-blog-von-gardenstore\\\/\"},\"wordCount\":129,\"publisher\":{\"@id\":\"https:\\\/\\\/www.gardenstore.es\\\/de\\\/#organization\"},\"image\":{\"@id\":\"https:\\\/\\\/www.gardenstore.es\\\/de\\\/wir-eroeffnen-den-blog-von-gardenstore\\\/#primaryimage\"},\"thumbnailUrl\":\"https:\\\/\\\/www.gardenstore.es\\\/wp-content\\\/uploads\\\/2017\\\/07\\\/Estrenamos-el-blog-de-Gardenstore.jpg\",\"keywords\":[\"Gardenstore\",\"Kunstrasen\",\"Neuheiten\"],\"articleSection\":[\"\u00dcber uns\"],\"inLanguage\":\"de\"},{\"@type\":\"WebPage\",\"@id\":\"https:\\\/\\\/www.gardenstore.es\\\/de\\\/wir-eroeffnen-den-blog-von-gardenstore\\\/\",\"url\":\"https:\\\/\\\/www.gardenstore.es\\\/de\\\/wir-eroeffnen-den-blog-von-gardenstore\\\/\",\"name\":\"Wir er\u00f6ffnen den Blog von Gardenstore! | GardenStore\",\"isPartOf\":{\"@id\":\"https:\\\/\\\/www.gardenstore.es\\\/de\\\/#website\"},\"primaryImageOfPage\":{\"@id\":\"https:\\\/\\\/www.gardenstore.es\\\/de\\\/wir-eroeffnen-den-blog-von-gardenstore\\\/#primaryimage\"},\"image\":{\"@id\":\"https:\\\/\\\/www.gardenstore.es\\\/de\\\/wir-eroeffnen-den-blog-von-gardenstore\\\/#primaryimage\"},\"thumbnailUrl\":\"https:\\\/\\\/www.gardenstore.es\\\/wp-content\\\/uploads\\\/2017\\\/07\\\/Estrenamos-el-blog-de-Gardenstore.jpg\",\"datePublished\":\"2014-03-28T10:03:13+00:00\",\"dateModified\":\"2025-10-24T08:14:52+00:00\",\"breadcrumb\":{\"@id\":\"https:\\\/\\\/www.gardenstore.es\\\/de\\\/wir-eroeffnen-den-blog-von-gardenstore\\\/#breadcrumb\"},\"inLanguage\":\"de\",\"potentialAction\":[{\"@type\":\"ReadAction\",\"target\":[\"https:\\\/\\\/www.gardenstore.es\\\/de\\\/wir-eroeffnen-den-blog-von-gardenstore\\\/\"]}]},{\"@type\":\"ImageObject\",\"inLanguage\":\"de\",\"@id\":\"https:\\\/\\\/www.gardenstore.es\\\/de\\\/wir-eroeffnen-den-blog-von-gardenstore\\\/#primaryimage\",\"url\":\"https:\\\/\\\/www.gardenstore.es\\\/wp-content\\\/uploads\\\/2017\\\/07\\\/Estrenamos-el-blog-de-Gardenstore.jpg\",\"contentUrl\":\"https:\\\/\\\/www.gardenstore.es\\\/wp-content\\\/uploads\\\/2017\\\/07\\\/Estrenamos-el-blog-de-Gardenstore.jpg\",\"width\":1200,\"height\":800,\"caption\":\"H\u00e4ndler f\u00fcr Kunstrasen\"},{\"@type\":\"BreadcrumbList\",\"@id\":\"https:\\\/\\\/www.gardenstore.es\\\/de\\\/wir-eroeffnen-den-blog-von-gardenstore\\\/#breadcrumb\",\"itemListElement\":[{\"@type\":\"ListItem\",\"position\":1,\"name\":\"Startseite\",\"item\":\"https:\\\/\\\/www.gardenstore.es\\\/de\\\/startseite\\\/\"},{\"@type\":\"ListItem\",\"position\":2,\"name\":\"Wir er\u00f6ffnen den Blog von Gardenstore!\"}]},{\"@type\":\"WebSite\",\"@id\":\"https:\\\/\\\/www.gardenstore.es\\\/de\\\/#website\",\"url\":\"https:\\\/\\\/www.gardenstore.es\\\/de\\\/\",\"name\":\"GardenStore | Venta e instalaci\u00f3n de C\u00e9sped Artificial\",\"description\":\"C\u00e9sped Artificial en Sevilla\",\"publisher\":{\"@id\":\"https:\\\/\\\/www.gardenstore.es\\\/de\\\/#organization\"},\"potentialAction\":[{\"@type\":\"SearchAction\",\"target\":{\"@type\":\"EntryPoint\",\"urlTemplate\":\"https:\\\/\\\/www.gardenstore.es\\\/de\\\/?s={search_term_string}\"},\"query-input\":{\"@type\":\"PropertyValueSpecification\",\"valueRequired\":true,\"valueName\":\"search_term_string\"}}],\"inLanguage\":\"de\"},{\"@type\":\"Organization\",\"@id\":\"https:\\\/\\\/www.gardenstore.es\\\/de\\\/#organization\",\"name\":\"GardenStore\",\"url\":\"https:\\\/\\\/www.gardenstore.es\\\/de\\\/\",\"logo\":{\"@type\":\"ImageObject\",\"inLanguage\":\"de\",\"@id\":\"https:\\\/\\\/www.gardenstore.es\\\/de\\\/#\\\/schema\\\/logo\\\/image\\\/\",\"url\":\"https:\\\/\\\/www.gardenstore.es\\\/wp-content\\\/uploads\\\/2025\\\/10\\\/LOGOTIPO_V1-1.svg\",\"contentUrl\":\"https:\\\/\\\/www.gardenstore.es\\\/wp-content\\\/uploads\\\/2025\\\/10\\\/LOGOTIPO_V1-1.svg\",\"width\":818,\"height\":130,\"caption\":\"GardenStore\"},\"image\":{\"@id\":\"https:\\\/\\\/www.gardenstore.es\\\/de\\\/#\\\/schema\\\/logo\\\/image\\\/\"}},{\"@type\":\"Person\",\"@id\":\"https:\\\/\\\/www.gardenstore.es\\\/de\\\/#\\\/schema\\\/person\\\/9031960d456b171629a45e2dad4581cd\",\"name\":\"GardenStore\",\"image\":{\"@type\":\"ImageObject\",\"inLanguage\":\"de\",\"@id\":\"https:\\\/\\\/secure.gravatar.com\\\/avatar\\\/4fa0772ee30c4c852667710b036ed404ab0356d7848dbe557686fbe3b601abbe?s=96&d=mm&r=g\",\"url\":\"https:\\\/\\\/secure.gravatar.com\\\/avatar\\\/4fa0772ee30c4c852667710b036ed404ab0356d7848dbe557686fbe3b601abbe?s=96&d=mm&r=g\",\"contentUrl\":\"https:\\\/\\\/secure.gravatar.com\\\/avatar\\\/4fa0772ee30c4c852667710b036ed404ab0356d7848dbe557686fbe3b601abbe?s=96&d=mm&r=g\",\"caption\":\"GardenStore\"},\"sameAs\":[\"eljardinartificial@gmail.com\"]}]}<\/script>\n<!-- \/ Yoast SEO plugin. -->","yoast_head_json":{"title":"Wir er\u00f6ffnen den Blog von Gardenstore! | GardenStore","robots":{"index":"index","follow":"follow","max-snippet":"max-snippet:-1","max-image-preview":"max-image-preview:large","max-video-preview":"max-video-preview:-1"},"canonical":"https:\/\/www.gardenstore.es\/de\/wir-eroeffnen-den-blog-von-gardenstore\/","og_locale":"de_DE","og_type":"article","og_title":"Wir er\u00f6ffnen den Blog von Gardenstore! | GardenStore","og_description":"Schritt f\u00fcr Schritt, Tag f\u00fcr Tag und mit viel Begeisterung erreichen wir bei Gardenstore unsere Ziele. Vor Kurzem haben wir diese Webseite er\u00f6ffnet, und heute gehen wir den n\u00e4chsten Schritt und er\u00f6ffnen unseren Blogbereich, um Inhalte zu teilen und euch allen noch n\u00e4her zu sein. Wir m\u00f6chten, dass dieser Bereich ein Treffpunkt f\u00fcr alle ist, ... Weiterlesen","og_url":"https:\/\/www.gardenstore.es\/de\/wir-eroeffnen-den-blog-von-gardenstore\/","og_site_name":"GardenStore","article_published_time":"2014-03-28T10:03:13+00:00","article_modified_time":"2025-10-24T08:14:52+00:00","og_image":[{"width":1200,"height":800,"url":"https:\/\/www.gardenstore.es\/wp-content\/uploads\/2017\/07\/Estrenamos-el-blog-de-Gardenstore.jpg","type":"image\/jpeg"}],"author":"GardenStore","twitter_card":"summary_large_image","twitter_misc":{"Verfasst von":"GardenStore","Gesch\u00e4tzte Lesezeit":"1\u00a0Minute"},"schema":{"@context":"https:\/\/schema.org","@graph":[{"@type":"Article","@id":"https:\/\/www.gardenstore.es\/de\/wir-eroeffnen-den-blog-von-gardenstore\/#article","isPartOf":{"@id":"https:\/\/www.gardenstore.es\/de\/wir-eroeffnen-den-blog-von-gardenstore\/"},"author":{"name":"GardenStore","@id":"https:\/\/www.gardenstore.es\/de\/#\/schema\/person\/9031960d456b171629a45e2dad4581cd"},"headline":"Wir er\u00f6ffnen den Blog von Gardenstore!","datePublished":"2014-03-28T10:03:13+00:00","dateModified":"2025-10-24T08:14:52+00:00","mainEntityOfPage":{"@id":"https:\/\/www.gardenstore.es\/de\/wir-eroeffnen-den-blog-von-gardenstore\/"},"wordCount":129,"publisher":{"@id":"https:\/\/www.gardenstore.es\/de\/#organization"},"image":{"@id":"https:\/\/www.gardenstore.es\/de\/wir-eroeffnen-den-blog-von-gardenstore\/#primaryimage"},"thumbnailUrl":"https:\/\/www.gardenstore.es\/wp-content\/uploads\/2017\/07\/Estrenamos-el-blog-de-Gardenstore.jpg","keywords":["Gardenstore","Kunstrasen","Neuheiten"],"articleSection":["\u00dcber uns"],"inLanguage":"de"},{"@type":"WebPage","@id":"https:\/\/www.gardenstore.es\/de\/wir-eroeffnen-den-blog-von-gardenstore\/","url":"https:\/\/www.gardenstore.es\/de\/wir-eroeffnen-den-blog-von-gardenstore\/","name":"Wir er\u00f6ffnen den Blog von Gardenstore! | GardenStore","isPartOf":{"@id":"https:\/\/www.gardenstore.es\/de\/#website"},"primaryImageOfPage":{"@id":"https:\/\/www.gardenstore.es\/de\/wir-eroeffnen-den-blog-von-gardenstore\/#primaryimage"},"image":{"@id":"https:\/\/www.gardenstore.es\/de\/wir-eroeffnen-den-blog-von-gardenstore\/#primaryimage"},"thumbnailUrl":"https:\/\/www.gardenstore.es\/wp-content\/uploads\/2017\/07\/Estrenamos-el-blog-de-Gardenstore.jpg","datePublished":"2014-03-28T10:03:13+00:00","dateModified":"2025-10-24T08:14:52+00:00","breadcrumb":{"@id":"https:\/\/www.gardenstore.es\/de\/wir-eroeffnen-den-blog-von-gardenstore\/#breadcrumb"},"inLanguage":"de","potentialAction":[{"@type":"ReadAction","target":["https:\/\/www.gardenstore.es\/de\/wir-eroeffnen-den-blog-von-gardenstore\/"]}]},{"@type":"ImageObject","inLanguage":"de","@id":"https:\/\/www.gardenstore.es\/de\/wir-eroeffnen-den-blog-von-gardenstore\/#primaryimage","url":"https:\/\/www.gardenstore.es\/wp-content\/uploads\/2017\/07\/Estrenamos-el-blog-de-Gardenstore.jpg","contentUrl":"https:\/\/www.gardenstore.es\/wp-content\/uploads\/2017\/07\/Estrenamos-el-blog-de-Gardenstore.jpg","width":1200,"height":800,"caption":"H\u00e4ndler f\u00fcr Kunstrasen"},{"@type":"BreadcrumbList","@id":"https:\/\/www.gardenstore.es\/de\/wir-eroeffnen-den-blog-von-gardenstore\/#breadcrumb","itemListElement":[{"@type":"ListItem","position":1,"name":"Startseite","item":"https:\/\/www.gardenstore.es\/de\/startseite\/"},{"@type":"ListItem","position":2,"name":"Wir er\u00f6ffnen den Blog von Gardenstore!"}]},{"@type":"WebSite","@id":"https:\/\/www.gardenstore.es\/de\/#website","url":"https:\/\/www.gardenstore.es\/de\/","name":"GardenStore | Venta e instalaci\u00f3n de C\u00e9sped Artificial","description":"C\u00e9sped Artificial en Sevilla","publisher":{"@id":"https:\/\/www.gardenstore.es\/de\/#organization"},"potentialAction":[{"@type":"SearchAction","target":{"@type":"EntryPoint","urlTemplate":"https:\/\/www.gardenstore.es\/de\/?s={search_term_string}"},"query-input":{"@type":"PropertyValueSpecification","valueRequired":true,"valueName":"search_term_string"}}],"inLanguage":"de"},{"@type":"Organization","@id":"https:\/\/www.gardenstore.es\/de\/#organization","name":"GardenStore","url":"https:\/\/www.gardenstore.es\/de\/","logo":{"@type":"ImageObject","inLanguage":"de","@id":"https:\/\/www.gardenstore.es\/de\/#\/schema\/logo\/image\/","url":"https:\/\/www.gardenstore.es\/wp-content\/uploads\/2025\/10\/LOGOTIPO_V1-1.svg","contentUrl":"https:\/\/www.gardenstore.es\/wp-content\/uploads\/2025\/10\/LOGOTIPO_V1-1.svg","width":818,"height":130,"caption":"GardenStore"},"image":{"@id":"https:\/\/www.gardenstore.es\/de\/#\/schema\/logo\/image\/"}},{"@type":"Person","@id":"https:\/\/www.gardenstore.es\/de\/#\/schema\/person\/9031960d456b171629a45e2dad4581cd","name":"GardenStore","image":{"@type":"ImageObject","inLanguage":"de","@id":"https:\/\/secure.gravatar.com\/avatar\/4fa0772ee30c4c852667710b036ed404ab0356d7848dbe557686fbe3b601abbe?s=96&d=mm&r=g","url":"https:\/\/secure.gravatar.com\/avatar\/4fa0772ee30c4c852667710b036ed404ab0356d7848dbe557686fbe3b601abbe?s=96&d=mm&r=g","contentUrl":"https:\/\/secure.gravatar.com\/avatar\/4fa0772ee30c4c852667710b036ed404ab0356d7848dbe557686fbe3b601abbe?s=96&d=mm&r=g","caption":"GardenStore"},"sameAs":["eljardinartificial@gmail.com"]}]}},"_links":{"self":[{"href":"https:\/\/www.gardenstore.es\/de\/wp-json\/wp\/v2\/posts\/15404","targetHints":{"allow":["GET"]}}],"collection":[{"href":"https:\/\/www.gardenstore.es\/de\/wp-json\/wp\/v2\/posts"}],"about":[{"href":"https:\/\/www.gardenstore.es\/de\/wp-json\/wp\/v2\/types\/post"}],"author":[{"embeddable":true,"href":"https:\/\/www.gardenstore.es\/de\/wp-json\/wp\/v2\/users\/6"}],"replies":[{"embeddable":true,"href":"https:\/\/www.gardenstore.es\/de\/wp-json\/wp\/v2\/comments?post=15404"}],"version-history":[{"count":0,"href":"https:\/\/www.gardenstore.es\/de\/wp-json\/wp\/v2\/posts\/15404\/revisions"}],"wp:featuredmedia":[{"embeddable":true,"href":"https:\/\/www.gardenstore.es\/de\/wp-json\/wp\/v2\/media\/15357"}],"wp:attachment":[{"href":"https:\/\/www.gardenstore.es\/de\/wp-json\/wp\/v2\/media?parent=15404"}],"wp:term":[{"taxonomy":"category","embeddable":true,"href":"https:\/\/www.gardenstore.es\/de\/wp-json\/wp\/v2\/categories?post=15404"},{"taxonomy":"post_tag","embeddable":true,"href":"https:\/\/www.gardenstore.es\/de\/wp-json\/wp\/v2\/tags?post=15404"}],"curies":[{"name":"wp","href":"https:\/\/api.w.org\/{rel}","templated":true}]}}