{"id":15069,"date":"2023-09-06T17:20:31","date_gmt":"2023-09-06T15:20:31","guid":{"rendered":"https:\/\/www.gardenstore.es\/gardenstore-und-sein-engagement-fuer-den-sport-offizieller-sponsor-des-gardenstore-basketball-sevilla-damen\/"},"modified":"2025-10-24T10:14:18","modified_gmt":"2025-10-24T08:14:18","slug":"gardenstore-und-sein-engagement-fuer-den-sport-offizieller-sponsor-des-gardenstore-basketball-sevilla-damen","status":"publish","type":"post","link":"https:\/\/www.gardenstore.es\/de\/gardenstore-und-sein-engagement-fuer-den-sport-offizieller-sponsor-des-gardenstore-basketball-sevilla-damen\/","title":{"rendered":"GardenStore und sein Engagement f\u00fcr den Sport: Offizieller Sponsor des GardenStore Basketball Sevilla Damen"},"content":{"rendered":"<p><span style=\"font-weight: 400;\">In der Welt des Sports spielen Sponsoren eine entscheidende Rolle, da sie die Teams unterst\u00fctzen und dazu beitragen, lokale Talente zu f\u00f6rdern. GardenStore ist ein Unternehmen, das dies nicht nur versteht, sondern es Tag f\u00fcr Tag lebt und in die Praxis umsetzt.  <\/span><\/p>\n<p><span style=\"font-weight: 400;\">Seit 2020 <\/span><strong><a href=\"https:\/\/www.gardenstore.es\/\" target=\"_blank\" rel=\"noopener\">GardenStore<\/a><\/strong><span style=\"font-weight: 400;\">, Firma<\/span><b>  Vertriebsunternehmen f\u00fcr Kunstrasen<\/b><span style=\"font-weight: 400;\">, arbeitet zusammen und <\/span><b>sponsort den Club Baloncesto Femenino Sevilla<\/b><span style=\"font-weight: 400;\">, eine Beziehung, die nicht die eines einfachen Sponsors ist, sondern sich in einem<\/span><b> gegenseitigen Engagement<\/b><span style=\"font-weight: 400;\">  durch <\/span><b>F\u00f6rderung lokaler Talente<\/b><span style=\"font-weight: 400;\">  und <\/span><b>F\u00f6rderung des sportlichen Geistes unter den M\u00e4dchen<\/b><span style=\"font-weight: 400;\">  in <\/span><b>Sevilla<\/b><span style=\"font-weight: 400;\">. Diese Verbindung bietet der Organisation und den Spielerinnen nicht nur einen perfekten Rahmen, um sich weiterzuentwickeln, sondern <\/span><b>st\u00e4rkt auch die Verbindung zwischen Sport<\/b> <b>und Gemeinschaft.<\/b><\/p>\n<p><span style=\"font-weight: 400;\">Letztes Jahr haben wir dieses Sponsoring verst\u00e4rkt und sind dazu \u00fcbergegangen, das Team mit unserer Marke zu unterst\u00fctzen, und als <\/span><b>offizieller und Hauptsponsor<\/b><span style=\"font-weight: 400;\"> wurde das Team in <\/span><strong><a href=\"http:\/\/www.cbsevillafemenino.com\/\" target=\"_blank\" rel=\"noopener\">GardenStore Baloncesto Sevilla Femenino<\/a><\/strong><span style=\"font-weight: 400;\"> umbenannt. Auf diese Weise verwirklichen wir unser <\/span><b>Engagement<\/b><span style=\"font-weight: 400;\"> f\u00fcr die Gesellschaft, insbesondere <\/span><b>f\u00fcr den Sport<\/b><span style=\"font-weight: 400;\">, und in diesem Fall f\u00fcr den <\/span><b>weiblichen<\/b><span style=\"font-weight: 400;\">, und die Gemeinschaft von <\/span><b>Sevilla.<\/b><\/p>\n<h2><b>Das Engagement von GardenStore f\u00fcr die Jugend und den lokalen Sport<\/b><\/h2>\n<p><a href=\"https:\/\/www.gardenstore.es\/\" target=\"_blank\" rel=\"noopener\"><span style=\"font-weight: 400;\">GardenStore<\/span><\/a><span style=\"font-weight: 400;\"> ist stolz auf sein <\/span><b>Engagement f\u00fcr die weibliche Jugend und den lokalen Sport <\/b><span style=\"font-weight: 400;\">in Sevilla. Der Damenbasketball hat sich zu einer <\/span><b>Inspirationsquelle f\u00fcr viele junge Frauen<\/b><span style=\"font-weight: 400;\"> entwickelt, und <\/span><b>GardenStore<\/b><span style=\"font-weight: 400;\"> ist entschlossen, dieses Talent zu <\/span><b>unterst\u00fctzen und zu f\u00f6rdern<\/b><span style=\"font-weight: 400;\">.<\/span><\/p>\n<p align=\"center\"><img fetchpriority=\"high\" decoding=\"async\" class=\"alignnone wp-image-7145 size-medium\" src=\"https:\/\/www.gardenstore.es\/wp-content\/uploads\/2023\/09\/intervencion-Jorge-Casanova-300x200.jpg\" alt=\"jorge casanova gardenstore\" width=\"300\" height=\"200\" srcset=\"https:\/\/www.gardenstore.es\/wp-content\/uploads\/2023\/09\/intervencion-Jorge-Casanova-300x200.jpg 300w, https:\/\/www.gardenstore.es\/wp-content\/uploads\/2023\/09\/intervencion-Jorge-Casanova-scaled-700x467.jpg 700w, https:\/\/www.gardenstore.es\/wp-content\/uploads\/2023\/09\/intervencion-Jorge-Casanova-1024x683.jpg 1024w, https:\/\/www.gardenstore.es\/wp-content\/uploads\/2023\/09\/intervencion-Jorge-Casanova-768x512.jpg 768w, https:\/\/www.gardenstore.es\/wp-content\/uploads\/2023\/09\/intervencion-Jorge-Casanova-1536x1024.jpg 1536w, https:\/\/www.gardenstore.es\/wp-content\/uploads\/2023\/09\/intervencion-Jorge-Casanova-2048x1365.jpg 2048w, https:\/\/www.gardenstore.es\/wp-content\/uploads\/2023\/09\/intervencion-Jorge-Casanova-1200x800.jpg 1200w\" sizes=\"(max-width: 300px) 100vw, 300px\" \/> <img decoding=\"async\" class=\"alignnone wp-image-7146 size-medium\" src=\"https:\/\/www.gardenstore.es\/wp-content\/uploads\/2023\/09\/intervencion-Rosana-300x197.jpg\" alt=\"veranstaltung gardenstore und cbs\" width=\"300\" height=\"197\" srcset=\"https:\/\/www.gardenstore.es\/wp-content\/uploads\/2023\/09\/intervencion-Rosana-300x197.jpg 300w, https:\/\/www.gardenstore.es\/wp-content\/uploads\/2023\/09\/intervencion-Rosana-scaled-700x460.jpg 700w, https:\/\/www.gardenstore.es\/wp-content\/uploads\/2023\/09\/intervencion-Rosana-1024x673.jpg 1024w, https:\/\/www.gardenstore.es\/wp-content\/uploads\/2023\/09\/intervencion-Rosana-768x505.jpg 768w, https:\/\/www.gardenstore.es\/wp-content\/uploads\/2023\/09\/intervencion-Rosana-1536x1009.jpg 1536w, https:\/\/www.gardenstore.es\/wp-content\/uploads\/2023\/09\/intervencion-Rosana-2048x1346.jpg 2048w\" sizes=\"(max-width: 300px) 100vw, 300px\" \/><\/p>\n<h2><b>Ein unvergessliches Ereignis: Die Vorstellung des GardenStore Basketball Sevilla Damen<\/b><\/h2>\n<p><span style=\"font-weight: 400;\">Die Spielerinnen und das Trainerteam des <\/span><b>GardenStore Basketball Sevilla Damen<\/b><span style=\"font-weight: 400;\"> wurden am Nachmittag des 6. September in den Einrichtungen von <\/span><b>GardenStore vorgestellt<\/b><span style=\"font-weight: 400;\">, als Hauptsponsor der ersten Mannschaft des Club Baloncesto Sevilla Femenino.<\/span><\/p>\n<p><img decoding=\"async\" class=\"aligncenter wp-image-7147 size-large\" src=\"https:\/\/www.gardenstore.es\/wp-content\/uploads\/2023\/09\/WhatsApp-Image-2023-09-06-at-16.09.37-3-1024x768.jpeg\" alt=\"veranstaltung gardenstore sevilla\" width=\"840\" height=\"630\" srcset=\"https:\/\/www.gardenstore.es\/wp-content\/uploads\/2023\/09\/WhatsApp-Image-2023-09-06-at-16.09.37-3-1024x768.jpeg 1024w, https:\/\/www.gardenstore.es\/wp-content\/uploads\/2023\/09\/WhatsApp-Image-2023-09-06-at-16.09.37-3-700x525.jpeg 700w, https:\/\/www.gardenstore.es\/wp-content\/uploads\/2023\/09\/WhatsApp-Image-2023-09-06-at-16.09.37-3-300x225.jpeg 300w, https:\/\/www.gardenstore.es\/wp-content\/uploads\/2023\/09\/WhatsApp-Image-2023-09-06-at-16.09.37-3-768x576.jpeg 768w, https:\/\/www.gardenstore.es\/wp-content\/uploads\/2023\/09\/WhatsApp-Image-2023-09-06-at-16.09.37-3-1536x1152.jpeg 1536w, https:\/\/www.gardenstore.es\/wp-content\/uploads\/2023\/09\/WhatsApp-Image-2023-09-06-at-16.09.37-3.jpeg 2000w\" sizes=\"(max-width: 840px) 100vw, 840px\" \/><\/p>\n<p><span style=\"font-weight: 400;\">Es ist erw\u00e4hnenswert, dass die <\/span><b>Veranstaltung <\/b><span style=\"font-weight: 400;\">von dem Journalisten Pablo S\u00e1nchez geleitet wurde<\/span><b>, der zun\u00e4chst die Spielerinnen und das Trainerteam vorstellte. Anschlie\u00dfend sprachen <\/b><span style=\"font-weight: 400;\">Rosana Mart\u00ednez<\/span><b>, Pr\u00e4sidentin des Vereins, <\/b><span style=\"font-weight: 400;\">Jorge Casanova<\/span><b>, CEO von <\/b><span style=\"font-weight: 400;\">GardenStore<\/span><b>, die Mannschaftskapit\u00e4nin, <span style=\"font-weight: 400;\"><strong>Mar\u00eda Recio<\/strong><\/span>, und <\/b><em>Jose M. Prieto<\/em><b>, Manager des Vereins.<\/b><\/p>\n<p><span style=\"font-weight: 400;\">Bei diesem Akt waren auch <\/span><b>Do\u00f1a Minerva Salas<\/b><span style=\"font-weight: 400;\">, Kultur- und Sportbeauftragte des Rathauses von Sevilla,<\/span><b> Do\u00f1a Carmen Ortiz Layne<\/b><span style=\"font-weight: 400;\">z, Territorialdelegierte f\u00fcr Tourismus, Kultur und Sport der Regierung von Andalusien, <\/span><b>Don Casimiro Fern\u00e1ndez Linares<\/b><span style=\"font-weight: 400;\">, Abgeordneter f\u00fcr Kultur und B\u00fcrgerschaft der Provinzregierung von Sevilla, und <\/span><b>Don An\u00edbal M\u00e9ndez<\/b><span style=\"font-weight: 400;\">, Delegierter in Sevilla der FAB, sowie <\/span><b>Vertreter der \u00fcbrigen Sponsoren des Vereins und eine gro\u00dfe Anzahl von Medienvertretern anwesend.<\/b><\/p>\n<p><span style=\"font-weight: 400;\">Die Veranstaltung endete mit dem traditionellen Familienfoto und einem Aperitif, bei dem man einen angenehmen Moment genie\u00dfen konnte, um sich mit anderen Sportbegeisterten auszutauschen.<\/span><\/p>\n<p><img loading=\"lazy\" decoding=\"async\" class=\"aligncenter wp-image-7144 size-large\" src=\"https:\/\/www.gardenstore.es\/wp-content\/uploads\/2023\/09\/equipo-CBS-y-GS-1024x683.jpg\" alt=\"team cbs und gardenstore\" width=\"840\" height=\"560\" srcset=\"https:\/\/www.gardenstore.es\/wp-content\/uploads\/2023\/09\/equipo-CBS-y-GS-1024x683.jpg 1024w, https:\/\/www.gardenstore.es\/wp-content\/uploads\/2023\/09\/equipo-CBS-y-GS-scaled-700x467.jpg 700w, https:\/\/www.gardenstore.es\/wp-content\/uploads\/2023\/09\/equipo-CBS-y-GS-300x200.jpg 300w, https:\/\/www.gardenstore.es\/wp-content\/uploads\/2023\/09\/equipo-CBS-y-GS-768x512.jpg 768w, https:\/\/www.gardenstore.es\/wp-content\/uploads\/2023\/09\/equipo-CBS-y-GS-1536x1024.jpg 1536w, https:\/\/www.gardenstore.es\/wp-content\/uploads\/2023\/09\/equipo-CBS-y-GS-2048x1365.jpg 2048w, https:\/\/www.gardenstore.es\/wp-content\/uploads\/2023\/09\/equipo-CBS-y-GS-1200x800.jpg 1200w\" sizes=\"(max-width: 840px) 100vw, 840px\" \/><\/p>\n<p><span style=\"font-weight: 400;\">Die <\/span><b>Partnerschaft<\/b><span style=\"font-weight: 400;\"> zwischen <\/span><strong><a href=\"https:\/\/www.gardenstore.es\/\" target=\"_blank\" rel=\"noopener\">GardenStore<\/a><\/strong><span style=\"font-weight: 400;\"> und dem <\/span><b>Club Baloncesto Sevilla Femenino<\/b><span style=\"font-weight: 400;\"> ist ein inspirierendes Beispiel daf\u00fcr, wie Unternehmen eine <\/span><b>wichtige Rolle<\/b><span style=\"font-weight: 400;\"> bei der Entwicklung des <\/span><b>lokalen Sports<\/b><span style=\"font-weight: 400;\"> und bei der <\/span><b>F\u00f6rderung des Talents vieler junger Frauen<\/b><span style=\"font-weight: 400;\"> spielen k\u00f6nnen. Sie stellt ein <\/span> <b>Engagement<\/b><span style=\"font-weight: 400;\"> f\u00fcr <\/span><b>die Gemeinschaft <\/b><span style=\"font-weight: 400;\">und den <\/span><b>sportlichen Geist<\/b><span style=\"font-weight: 400;\"> dar. <\/span> <\/p>\n<p><span style=\"font-weight: 400;\">Die<\/span><b> Pr\u00e4sentationsveranstaltung<\/b><span style=\"font-weight: 400;\"> war ein <\/span><b>aufregender Tag f\u00fcr alle<\/b><span style=\"font-weight: 400;\">, da wir zusammenkamen, um <\/span><b>diese Partnerschaft<\/b><span style=\"font-weight: 400;\"> und den Beginn der <\/span><b>Saison 23\/24 der Liga Femenina 2 zu feiern.<\/b><\/p>\n<p><b>Auf geht&#8217;s, M\u00e4dels!<\/b><span style=\"font-weight: 400;\"> Das gesamte <\/span><b>Team von GardenStore unterst\u00fctzt euch<\/b><span style=\"font-weight: 400;\">. <\/span> <\/p>\n","protected":false},"excerpt":{"rendered":"<p>In der Welt des Sports spielen Sponsoren eine entscheidende Rolle, da sie die Teams unterst\u00fctzen und dazu beitragen, lokale Talente zu f\u00f6rdern. GardenStore ist ein Unternehmen, das dies nicht nur versteht, sondern es Tag f\u00fcr Tag lebt und in die Praxis umsetzt. Seit 2020 GardenStore, Firma Vertriebsunternehmen f\u00fcr Kunstrasen, arbeitet zusammen und sponsort den Club &#8230; <a title=\"GardenStore und sein Engagement f\u00fcr den Sport: Offizieller Sponsor des GardenStore Basketball Sevilla Damen\" class=\"read-more\" href=\"https:\/\/www.gardenstore.es\/de\/gardenstore-und-sein-engagement-fuer-den-sport-offizieller-sponsor-des-gardenstore-basketball-sevilla-damen\/\" aria-label=\"Mehr Informationen \u00fcber GardenStore und sein Engagement f\u00fcr den Sport: Offizieller Sponsor des GardenStore Basketball Sevilla Damen\">Weiterlesen<\/a><\/p>\n","protected":false},"author":12,"featured_media":15070,"comment_status":"closed","ping_status":"closed","sticky":false,"template":"","format":"standard","meta":{"_acf_changed":false,"footnotes":""},"categories":[386],"tags":[],"class_list":["post-15069","post","type-post","status-publish","format-standard","has-post-thumbnail","hentry","category-uber-uns"],"acf":[],"yoast_head":"<!-- This site is optimized with the Yoast SEO plugin v27.5 - https:\/\/yoast.com\/product\/yoast-seo-wordpress\/ -->\n<title>GardenStore und sein Engagement f\u00fcr den Sport<\/title>\n<meta name=\"description\" content=\"Wir sind offizieller Sponsor des GardenStore Basketball Sevilla Damen. Engagiert f\u00fcr die weibliche Jugend und den Sport.\" \/>\n<meta name=\"robots\" content=\"index, follow, max-snippet:-1, max-image-preview:large, max-video-preview:-1\" \/>\n<link rel=\"canonical\" href=\"https:\/\/www.gardenstore.es\/de\/gardenstore-und-sein-engagement-fuer-den-sport-offizieller-sponsor-des-gardenstore-basketball-sevilla-damen\/\" \/>\n<meta property=\"og:locale\" content=\"de_DE\" \/>\n<meta property=\"og:type\" content=\"article\" \/>\n<meta property=\"og:title\" content=\"GardenStore und sein Engagement f\u00fcr den Sport\" \/>\n<meta property=\"og:description\" content=\"Wir sind offizieller Sponsor des GardenStore Basketball Sevilla Damen. Engagiert f\u00fcr die weibliche Jugend und den Sport.\" \/>\n<meta property=\"og:url\" content=\"https:\/\/www.gardenstore.es\/de\/gardenstore-und-sein-engagement-fuer-den-sport-offizieller-sponsor-des-gardenstore-basketball-sevilla-damen\/\" \/>\n<meta property=\"og:site_name\" content=\"GardenStore\" \/>\n<meta property=\"article:published_time\" content=\"2023-09-06T15:20:31+00:00\" \/>\n<meta property=\"article:modified_time\" content=\"2025-10-24T08:14:18+00:00\" \/>\n<meta property=\"og:image\" content=\"https:\/\/www.gardenstore.es\/wp-content\/uploads\/2023\/09\/equipo-CBS-y-GS-scaled.jpg\" \/>\n\t<meta property=\"og:image:width\" content=\"2560\" \/>\n\t<meta property=\"og:image:height\" content=\"1707\" \/>\n\t<meta property=\"og:image:type\" content=\"image\/jpeg\" \/>\n<meta name=\"author\" content=\"Starenlared\" \/>\n<meta name=\"twitter:card\" content=\"summary_large_image\" \/>\n<meta name=\"twitter:label1\" content=\"Verfasst von\" \/>\n\t<meta name=\"twitter:data1\" content=\"Starenlared\" \/>\n\t<meta name=\"twitter:label2\" content=\"Gesch\u00e4tzte Lesezeit\" \/>\n\t<meta name=\"twitter:data2\" content=\"3\u00a0Minuten\" \/>\n<script type=\"application\/ld+json\" class=\"yoast-schema-graph\">{\"@context\":\"https:\\\/\\\/schema.org\",\"@graph\":[{\"@type\":\"Article\",\"@id\":\"https:\\\/\\\/www.gardenstore.es\\\/de\\\/gardenstore-und-sein-engagement-fuer-den-sport-offizieller-sponsor-des-gardenstore-basketball-sevilla-damen\\\/#article\",\"isPartOf\":{\"@id\":\"https:\\\/\\\/www.gardenstore.es\\\/de\\\/gardenstore-und-sein-engagement-fuer-den-sport-offizieller-sponsor-des-gardenstore-basketball-sevilla-damen\\\/\"},\"author\":{\"name\":\"Starenlared\",\"@id\":\"https:\\\/\\\/www.gardenstore.es\\\/de\\\/#\\\/schema\\\/person\\\/158871b74568a9c31bbea04b6ff9a0c7\"},\"headline\":\"GardenStore und sein Engagement f\u00fcr den Sport: Offizieller Sponsor des GardenStore Basketball Sevilla Damen\",\"datePublished\":\"2023-09-06T15:20:31+00:00\",\"dateModified\":\"2025-10-24T08:14:18+00:00\",\"mainEntityOfPage\":{\"@id\":\"https:\\\/\\\/www.gardenstore.es\\\/de\\\/gardenstore-und-sein-engagement-fuer-den-sport-offizieller-sponsor-des-gardenstore-basketball-sevilla-damen\\\/\"},\"wordCount\":537,\"publisher\":{\"@id\":\"https:\\\/\\\/www.gardenstore.es\\\/de\\\/#organization\"},\"image\":{\"@id\":\"https:\\\/\\\/www.gardenstore.es\\\/de\\\/gardenstore-und-sein-engagement-fuer-den-sport-offizieller-sponsor-des-gardenstore-basketball-sevilla-damen\\\/#primaryimage\"},\"thumbnailUrl\":\"https:\\\/\\\/www.gardenstore.es\\\/wp-content\\\/uploads\\\/2023\\\/09\\\/equipo-CBS-y-GS-scaled.jpg\",\"articleSection\":[\"\u00dcber uns\"],\"inLanguage\":\"de\"},{\"@type\":\"WebPage\",\"@id\":\"https:\\\/\\\/www.gardenstore.es\\\/de\\\/gardenstore-und-sein-engagement-fuer-den-sport-offizieller-sponsor-des-gardenstore-basketball-sevilla-damen\\\/\",\"url\":\"https:\\\/\\\/www.gardenstore.es\\\/de\\\/gardenstore-und-sein-engagement-fuer-den-sport-offizieller-sponsor-des-gardenstore-basketball-sevilla-damen\\\/\",\"name\":\"GardenStore und sein Engagement f\u00fcr den Sport\",\"isPartOf\":{\"@id\":\"https:\\\/\\\/www.gardenstore.es\\\/de\\\/#website\"},\"primaryImageOfPage\":{\"@id\":\"https:\\\/\\\/www.gardenstore.es\\\/de\\\/gardenstore-und-sein-engagement-fuer-den-sport-offizieller-sponsor-des-gardenstore-basketball-sevilla-damen\\\/#primaryimage\"},\"image\":{\"@id\":\"https:\\\/\\\/www.gardenstore.es\\\/de\\\/gardenstore-und-sein-engagement-fuer-den-sport-offizieller-sponsor-des-gardenstore-basketball-sevilla-damen\\\/#primaryimage\"},\"thumbnailUrl\":\"https:\\\/\\\/www.gardenstore.es\\\/wp-content\\\/uploads\\\/2023\\\/09\\\/equipo-CBS-y-GS-scaled.jpg\",\"datePublished\":\"2023-09-06T15:20:31+00:00\",\"dateModified\":\"2025-10-24T08:14:18+00:00\",\"description\":\"Wir sind offizieller Sponsor des GardenStore Basketball Sevilla Damen. Engagiert f\u00fcr die weibliche Jugend und den Sport.\",\"breadcrumb\":{\"@id\":\"https:\\\/\\\/www.gardenstore.es\\\/de\\\/gardenstore-und-sein-engagement-fuer-den-sport-offizieller-sponsor-des-gardenstore-basketball-sevilla-damen\\\/#breadcrumb\"},\"inLanguage\":\"de\",\"potentialAction\":[{\"@type\":\"ReadAction\",\"target\":[\"https:\\\/\\\/www.gardenstore.es\\\/de\\\/gardenstore-und-sein-engagement-fuer-den-sport-offizieller-sponsor-des-gardenstore-basketball-sevilla-damen\\\/\"]}]},{\"@type\":\"ImageObject\",\"inLanguage\":\"de\",\"@id\":\"https:\\\/\\\/www.gardenstore.es\\\/de\\\/gardenstore-und-sein-engagement-fuer-den-sport-offizieller-sponsor-des-gardenstore-basketball-sevilla-damen\\\/#primaryimage\",\"url\":\"https:\\\/\\\/www.gardenstore.es\\\/wp-content\\\/uploads\\\/2023\\\/09\\\/equipo-CBS-y-GS-scaled.jpg\",\"contentUrl\":\"https:\\\/\\\/www.gardenstore.es\\\/wp-content\\\/uploads\\\/2023\\\/09\\\/equipo-CBS-y-GS-scaled.jpg\",\"width\":2560,\"height\":1707,\"caption\":\"team cbs und gardenstore\"},{\"@type\":\"BreadcrumbList\",\"@id\":\"https:\\\/\\\/www.gardenstore.es\\\/de\\\/gardenstore-und-sein-engagement-fuer-den-sport-offizieller-sponsor-des-gardenstore-basketball-sevilla-damen\\\/#breadcrumb\",\"itemListElement\":[{\"@type\":\"ListItem\",\"position\":1,\"name\":\"Startseite\",\"item\":\"https:\\\/\\\/www.gardenstore.es\\\/de\\\/startseite\\\/\"},{\"@type\":\"ListItem\",\"position\":2,\"name\":\"GardenStore und sein Engagement f\u00fcr den Sport: Offizieller Sponsor des GardenStore Basketball Sevilla Damen\"}]},{\"@type\":\"WebSite\",\"@id\":\"https:\\\/\\\/www.gardenstore.es\\\/de\\\/#website\",\"url\":\"https:\\\/\\\/www.gardenstore.es\\\/de\\\/\",\"name\":\"GardenStore | Venta e instalaci\u00f3n de C\u00e9sped Artificial\",\"description\":\"C\u00e9sped Artificial en Sevilla\",\"publisher\":{\"@id\":\"https:\\\/\\\/www.gardenstore.es\\\/de\\\/#organization\"},\"potentialAction\":[{\"@type\":\"SearchAction\",\"target\":{\"@type\":\"EntryPoint\",\"urlTemplate\":\"https:\\\/\\\/www.gardenstore.es\\\/de\\\/?s={search_term_string}\"},\"query-input\":{\"@type\":\"PropertyValueSpecification\",\"valueRequired\":true,\"valueName\":\"search_term_string\"}}],\"inLanguage\":\"de\"},{\"@type\":\"Organization\",\"@id\":\"https:\\\/\\\/www.gardenstore.es\\\/de\\\/#organization\",\"name\":\"GardenStore\",\"url\":\"https:\\\/\\\/www.gardenstore.es\\\/de\\\/\",\"logo\":{\"@type\":\"ImageObject\",\"inLanguage\":\"de\",\"@id\":\"https:\\\/\\\/www.gardenstore.es\\\/de\\\/#\\\/schema\\\/logo\\\/image\\\/\",\"url\":\"https:\\\/\\\/www.gardenstore.es\\\/wp-content\\\/uploads\\\/2025\\\/10\\\/LOGOTIPO_V1-1.svg\",\"contentUrl\":\"https:\\\/\\\/www.gardenstore.es\\\/wp-content\\\/uploads\\\/2025\\\/10\\\/LOGOTIPO_V1-1.svg\",\"width\":818,\"height\":130,\"caption\":\"GardenStore\"},\"image\":{\"@id\":\"https:\\\/\\\/www.gardenstore.es\\\/de\\\/#\\\/schema\\\/logo\\\/image\\\/\"}},{\"@type\":\"Person\",\"@id\":\"https:\\\/\\\/www.gardenstore.es\\\/de\\\/#\\\/schema\\\/person\\\/158871b74568a9c31bbea04b6ff9a0c7\",\"name\":\"Starenlared\",\"image\":{\"@type\":\"ImageObject\",\"inLanguage\":\"de\",\"@id\":\"https:\\\/\\\/secure.gravatar.com\\\/avatar\\\/3b4ab7f22c1235d170addf4acbf3093bcf538f00e3e15ecc23afacf8e0f1dd93?s=96&d=mm&r=g\",\"url\":\"https:\\\/\\\/secure.gravatar.com\\\/avatar\\\/3b4ab7f22c1235d170addf4acbf3093bcf538f00e3e15ecc23afacf8e0f1dd93?s=96&d=mm&r=g\",\"contentUrl\":\"https:\\\/\\\/secure.gravatar.com\\\/avatar\\\/3b4ab7f22c1235d170addf4acbf3093bcf538f00e3e15ecc23afacf8e0f1dd93?s=96&d=mm&r=g\",\"caption\":\"Starenlared\"}}]}<\/script>\n<!-- \/ Yoast SEO plugin. -->","yoast_head_json":{"title":"GardenStore und sein Engagement f\u00fcr den Sport","description":"Wir sind offizieller Sponsor des GardenStore Basketball Sevilla Damen. Engagiert f\u00fcr die weibliche Jugend und den Sport.","robots":{"index":"index","follow":"follow","max-snippet":"max-snippet:-1","max-image-preview":"max-image-preview:large","max-video-preview":"max-video-preview:-1"},"canonical":"https:\/\/www.gardenstore.es\/de\/gardenstore-und-sein-engagement-fuer-den-sport-offizieller-sponsor-des-gardenstore-basketball-sevilla-damen\/","og_locale":"de_DE","og_type":"article","og_title":"GardenStore und sein Engagement f\u00fcr den Sport","og_description":"Wir sind offizieller Sponsor des GardenStore Basketball Sevilla Damen. Engagiert f\u00fcr die weibliche Jugend und den Sport.","og_url":"https:\/\/www.gardenstore.es\/de\/gardenstore-und-sein-engagement-fuer-den-sport-offizieller-sponsor-des-gardenstore-basketball-sevilla-damen\/","og_site_name":"GardenStore","article_published_time":"2023-09-06T15:20:31+00:00","article_modified_time":"2025-10-24T08:14:18+00:00","og_image":[{"width":2560,"height":1707,"url":"https:\/\/www.gardenstore.es\/wp-content\/uploads\/2023\/09\/equipo-CBS-y-GS-scaled.jpg","type":"image\/jpeg"}],"author":"Starenlared","twitter_card":"summary_large_image","twitter_misc":{"Verfasst von":"Starenlared","Gesch\u00e4tzte Lesezeit":"3\u00a0Minuten"},"schema":{"@context":"https:\/\/schema.org","@graph":[{"@type":"Article","@id":"https:\/\/www.gardenstore.es\/de\/gardenstore-und-sein-engagement-fuer-den-sport-offizieller-sponsor-des-gardenstore-basketball-sevilla-damen\/#article","isPartOf":{"@id":"https:\/\/www.gardenstore.es\/de\/gardenstore-und-sein-engagement-fuer-den-sport-offizieller-sponsor-des-gardenstore-basketball-sevilla-damen\/"},"author":{"name":"Starenlared","@id":"https:\/\/www.gardenstore.es\/de\/#\/schema\/person\/158871b74568a9c31bbea04b6ff9a0c7"},"headline":"GardenStore und sein Engagement f\u00fcr den Sport: Offizieller Sponsor des GardenStore Basketball Sevilla Damen","datePublished":"2023-09-06T15:20:31+00:00","dateModified":"2025-10-24T08:14:18+00:00","mainEntityOfPage":{"@id":"https:\/\/www.gardenstore.es\/de\/gardenstore-und-sein-engagement-fuer-den-sport-offizieller-sponsor-des-gardenstore-basketball-sevilla-damen\/"},"wordCount":537,"publisher":{"@id":"https:\/\/www.gardenstore.es\/de\/#organization"},"image":{"@id":"https:\/\/www.gardenstore.es\/de\/gardenstore-und-sein-engagement-fuer-den-sport-offizieller-sponsor-des-gardenstore-basketball-sevilla-damen\/#primaryimage"},"thumbnailUrl":"https:\/\/www.gardenstore.es\/wp-content\/uploads\/2023\/09\/equipo-CBS-y-GS-scaled.jpg","articleSection":["\u00dcber uns"],"inLanguage":"de"},{"@type":"WebPage","@id":"https:\/\/www.gardenstore.es\/de\/gardenstore-und-sein-engagement-fuer-den-sport-offizieller-sponsor-des-gardenstore-basketball-sevilla-damen\/","url":"https:\/\/www.gardenstore.es\/de\/gardenstore-und-sein-engagement-fuer-den-sport-offizieller-sponsor-des-gardenstore-basketball-sevilla-damen\/","name":"GardenStore und sein Engagement f\u00fcr den Sport","isPartOf":{"@id":"https:\/\/www.gardenstore.es\/de\/#website"},"primaryImageOfPage":{"@id":"https:\/\/www.gardenstore.es\/de\/gardenstore-und-sein-engagement-fuer-den-sport-offizieller-sponsor-des-gardenstore-basketball-sevilla-damen\/#primaryimage"},"image":{"@id":"https:\/\/www.gardenstore.es\/de\/gardenstore-und-sein-engagement-fuer-den-sport-offizieller-sponsor-des-gardenstore-basketball-sevilla-damen\/#primaryimage"},"thumbnailUrl":"https:\/\/www.gardenstore.es\/wp-content\/uploads\/2023\/09\/equipo-CBS-y-GS-scaled.jpg","datePublished":"2023-09-06T15:20:31+00:00","dateModified":"2025-10-24T08:14:18+00:00","description":"Wir sind offizieller Sponsor des GardenStore Basketball Sevilla Damen. Engagiert f\u00fcr die weibliche Jugend und den Sport.","breadcrumb":{"@id":"https:\/\/www.gardenstore.es\/de\/gardenstore-und-sein-engagement-fuer-den-sport-offizieller-sponsor-des-gardenstore-basketball-sevilla-damen\/#breadcrumb"},"inLanguage":"de","potentialAction":[{"@type":"ReadAction","target":["https:\/\/www.gardenstore.es\/de\/gardenstore-und-sein-engagement-fuer-den-sport-offizieller-sponsor-des-gardenstore-basketball-sevilla-damen\/"]}]},{"@type":"ImageObject","inLanguage":"de","@id":"https:\/\/www.gardenstore.es\/de\/gardenstore-und-sein-engagement-fuer-den-sport-offizieller-sponsor-des-gardenstore-basketball-sevilla-damen\/#primaryimage","url":"https:\/\/www.gardenstore.es\/wp-content\/uploads\/2023\/09\/equipo-CBS-y-GS-scaled.jpg","contentUrl":"https:\/\/www.gardenstore.es\/wp-content\/uploads\/2023\/09\/equipo-CBS-y-GS-scaled.jpg","width":2560,"height":1707,"caption":"team cbs und gardenstore"},{"@type":"BreadcrumbList","@id":"https:\/\/www.gardenstore.es\/de\/gardenstore-und-sein-engagement-fuer-den-sport-offizieller-sponsor-des-gardenstore-basketball-sevilla-damen\/#breadcrumb","itemListElement":[{"@type":"ListItem","position":1,"name":"Startseite","item":"https:\/\/www.gardenstore.es\/de\/startseite\/"},{"@type":"ListItem","position":2,"name":"GardenStore und sein Engagement f\u00fcr den Sport: Offizieller Sponsor des GardenStore Basketball Sevilla Damen"}]},{"@type":"WebSite","@id":"https:\/\/www.gardenstore.es\/de\/#website","url":"https:\/\/www.gardenstore.es\/de\/","name":"GardenStore | Venta e instalaci\u00f3n de C\u00e9sped Artificial","description":"C\u00e9sped Artificial en Sevilla","publisher":{"@id":"https:\/\/www.gardenstore.es\/de\/#organization"},"potentialAction":[{"@type":"SearchAction","target":{"@type":"EntryPoint","urlTemplate":"https:\/\/www.gardenstore.es\/de\/?s={search_term_string}"},"query-input":{"@type":"PropertyValueSpecification","valueRequired":true,"valueName":"search_term_string"}}],"inLanguage":"de"},{"@type":"Organization","@id":"https:\/\/www.gardenstore.es\/de\/#organization","name":"GardenStore","url":"https:\/\/www.gardenstore.es\/de\/","logo":{"@type":"ImageObject","inLanguage":"de","@id":"https:\/\/www.gardenstore.es\/de\/#\/schema\/logo\/image\/","url":"https:\/\/www.gardenstore.es\/wp-content\/uploads\/2025\/10\/LOGOTIPO_V1-1.svg","contentUrl":"https:\/\/www.gardenstore.es\/wp-content\/uploads\/2025\/10\/LOGOTIPO_V1-1.svg","width":818,"height":130,"caption":"GardenStore"},"image":{"@id":"https:\/\/www.gardenstore.es\/de\/#\/schema\/logo\/image\/"}},{"@type":"Person","@id":"https:\/\/www.gardenstore.es\/de\/#\/schema\/person\/158871b74568a9c31bbea04b6ff9a0c7","name":"Starenlared","image":{"@type":"ImageObject","inLanguage":"de","@id":"https:\/\/secure.gravatar.com\/avatar\/3b4ab7f22c1235d170addf4acbf3093bcf538f00e3e15ecc23afacf8e0f1dd93?s=96&d=mm&r=g","url":"https:\/\/secure.gravatar.com\/avatar\/3b4ab7f22c1235d170addf4acbf3093bcf538f00e3e15ecc23afacf8e0f1dd93?s=96&d=mm&r=g","contentUrl":"https:\/\/secure.gravatar.com\/avatar\/3b4ab7f22c1235d170addf4acbf3093bcf538f00e3e15ecc23afacf8e0f1dd93?s=96&d=mm&r=g","caption":"Starenlared"}}]}},"_links":{"self":[{"href":"https:\/\/www.gardenstore.es\/de\/wp-json\/wp\/v2\/posts\/15069","targetHints":{"allow":["GET"]}}],"collection":[{"href":"https:\/\/www.gardenstore.es\/de\/wp-json\/wp\/v2\/posts"}],"about":[{"href":"https:\/\/www.gardenstore.es\/de\/wp-json\/wp\/v2\/types\/post"}],"author":[{"embeddable":true,"href":"https:\/\/www.gardenstore.es\/de\/wp-json\/wp\/v2\/users\/12"}],"replies":[{"embeddable":true,"href":"https:\/\/www.gardenstore.es\/de\/wp-json\/wp\/v2\/comments?post=15069"}],"version-history":[{"count":0,"href":"https:\/\/www.gardenstore.es\/de\/wp-json\/wp\/v2\/posts\/15069\/revisions"}],"wp:featuredmedia":[{"embeddable":true,"href":"https:\/\/www.gardenstore.es\/de\/wp-json\/wp\/v2\/media\/15070"}],"wp:attachment":[{"href":"https:\/\/www.gardenstore.es\/de\/wp-json\/wp\/v2\/media?parent=15069"}],"wp:term":[{"taxonomy":"category","embeddable":true,"href":"https:\/\/www.gardenstore.es\/de\/wp-json\/wp\/v2\/categories?post=15069"},{"taxonomy":"post_tag","embeddable":true,"href":"https:\/\/www.gardenstore.es\/de\/wp-json\/wp\/v2\/tags?post=15069"}],"curies":[{"name":"wp","href":"https:\/\/api.w.org\/{rel}","templated":true}]}}